{"id":62558,"date":"2024-03-17T18:11:40","date_gmt":"2024-03-18T00:11:40","guid":{"rendered":"https:\/\/elreporterohgo.com\/noticias\/?p=62558"},"modified":"2024-03-17T18:11:40","modified_gmt":"2024-03-18T00:11:40","slug":"volcadura-de-microbus-en-acolman","status":"publish","type":"post","link":"https:\/\/elreporterohgo.com\/noticias\/2024\/03\/17\/volcadura-de-microbus-en-acolman\/","title":{"rendered":"Volcadura de Microb\u00fas en Acolman"},"content":{"rendered":"<p>&nbsp;<\/p>\n<p>Por GAMA<\/p>\n<p>ACOLMAN, EDOMEX. \u2013 Un microb\u00fas de la empresa \u201cAutotransportes Tizayuca\u201d, hace unos minutos, cay\u00f3 a un barranco en el kil\u00f3metro 12+600 de la autopista Ecatepec \u2013 M\u00e9xico, a la altura de Granjas Familiares, n Acolman, Estado de M\u00e9xico.<\/p>\n<p>El accidente origino la movilizaci\u00f3n de unidades de emergencia en virtud que, al parecer hay por lo menos una v\u00edctima mortal.<\/p>\n","protected":false},"excerpt":{"rendered":"<p>&nbsp; Por GAMA ACOLMAN, EDOMEX. \u2013 Un microb\u00fas de la empresa \u201cAutotransportes Tizayuca\u201d, hace unos minutos, cay\u00f3 a un barranco en el kil\u00f3metro 12+600 de la autopista Ecatepec \u2013 M\u00e9xico, a la altura de Granjas Familiares, n Acolman, Estado de M\u00e9xico. El accidente origino la movilizaci\u00f3n de unidades de emergencia en virtud que, al parecer<\/p>\n","protected":false},"author":2,"featured_media":62559,"comment_status":"open","ping_status":"closed","sticky":false,"template":"","format":"standard","meta":{"footnotes":""},"categories":[10,54],"tags":[],"class_list":{"0":"post-62558","1":"post","2":"type-post","3":"status-publish","4":"format-standard","5":"has-post-thumbnail","7":"category-hidalgo","8":"category-lo-ultimo"},"_links":{"self":[{"href":"https:\/\/elreporterohgo.com\/noticias\/wp-json\/wp\/v2\/posts\/62558","targetHints":{"allow":["GET"]}}],"collection":[{"href":"https:\/\/elreporterohgo.com\/noticias\/wp-json\/wp\/v2\/posts"}],"about":[{"href":"https:\/\/elreporterohgo.com\/noticias\/wp-json\/wp\/v2\/types\/post"}],"author":[{"embeddable":true,"href":"https:\/\/elreporterohgo.com\/noticias\/wp-json\/wp\/v2\/users\/2"}],"replies":[{"embeddable":true,"href":"https:\/\/elreporterohgo.com\/noticias\/wp-json\/wp\/v2\/comments?post=62558"}],"version-history":[{"count":1,"href":"https:\/\/elreporterohgo.com\/noticias\/wp-json\/wp\/v2\/posts\/62558\/revisions"}],"predecessor-version":[{"id":62560,"href":"https:\/\/elreporterohgo.com\/noticias\/wp-json\/wp\/v2\/posts\/62558\/revisions\/62560"}],"wp:featuredmedia":[{"embeddable":true,"href":"https:\/\/elreporterohgo.com\/noticias\/wp-json\/wp\/v2\/media\/62559"}],"wp:attachment":[{"href":"https:\/\/elreporterohgo.com\/noticias\/wp-json\/wp\/v2\/media?parent=62558"}],"wp:term":[{"taxonomy":"category","embeddable":true,"href":"https:\/\/elreporterohgo.com\/noticias\/wp-json\/wp\/v2\/categories?post=62558"},{"taxonomy":"post_tag","embeddable":true,"href":"https:\/\/elreporterohgo.com\/noticias\/wp-json\/wp\/v2\/tags?post=62558"}],"curies":[{"name":"wp","href":"https:\/\/api.w.org\/{rel}","templated":true}]}}