{"id":49325,"date":"2022-05-30T13:46:53","date_gmt":"2022-05-30T18:46:53","guid":{"rendered":"https:\/\/elreporterohgo.com\/noticias\/?p=49325"},"modified":"2022-05-30T13:46:54","modified_gmt":"2022-05-30T18:46:54","slug":"presos-peligrosos-trasladados-a-centros-federales-de-reinsercion-social","status":"publish","type":"post","link":"https:\/\/elreporterohgo.com\/noticias\/2022\/05\/30\/presos-peligrosos-trasladados-a-centros-federales-de-reinsercion-social\/","title":{"rendered":"Presos peligrosos trasladados a Centros Federales de Reinserci\u00f3n Social"},"content":{"rendered":"\n<figure class=\"wp-block-image\"><img fetchpriority=\"high\" decoding=\"async\" width=\"1024\" height=\"682\" src=\"https::\/\/elreporterohgo.com\/noticias\/wp-content\/uploads\/2022\/05\/9e8cd0c9-562b-427b-8163-ba471599175d-1024x682.jpg\" alt=\"\" class=\"wp-image-49328\" srcset=\"https:\/\/elreporterohgo.com\/noticias\/wp-content\/uploads\/2022\/05\/9e8cd0c9-562b-427b-8163-ba471599175d-1024x682.jpg 1024w, https:\/\/elreporterohgo.com\/noticias\/wp-content\/uploads\/2022\/05\/9e8cd0c9-562b-427b-8163-ba471599175d-300x200.jpg 300w, https:\/\/elreporterohgo.com\/noticias\/wp-content\/uploads\/2022\/05\/9e8cd0c9-562b-427b-8163-ba471599175d-768x512.jpg 768w, https:\/\/elreporterohgo.com\/noticias\/wp-content\/uploads\/2022\/05\/9e8cd0c9-562b-427b-8163-ba471599175d.jpg 1280w\" sizes=\"(max-width: 1024px) 100vw, 1024px\" \/><\/figure>\n\n\n\n<figure class=\"wp-block-image\"><img decoding=\"async\" width=\"1024\" height=\"682\" src=\"https::\/\/elreporterohgo.com\/noticias\/wp-content\/uploads\/2022\/05\/ea4d087a-d0a1-4e7a-bcef-462f65675d54-1024x682.jpg\" alt=\"\" class=\"wp-image-49326\" srcset=\"https:\/\/elreporterohgo.com\/noticias\/wp-content\/uploads\/2022\/05\/ea4d087a-d0a1-4e7a-bcef-462f65675d54-1024x682.jpg 1024w, https:\/\/elreporterohgo.com\/noticias\/wp-content\/uploads\/2022\/05\/ea4d087a-d0a1-4e7a-bcef-462f65675d54-300x200.jpg 300w, https:\/\/elreporterohgo.com\/noticias\/wp-content\/uploads\/2022\/05\/ea4d087a-d0a1-4e7a-bcef-462f65675d54-768x512.jpg 768w, https:\/\/elreporterohgo.com\/noticias\/wp-content\/uploads\/2022\/05\/ea4d087a-d0a1-4e7a-bcef-462f65675d54.jpg 1280w\" sizes=\"(max-width: 1024px) 100vw, 1024px\" \/><\/figure>\n\n\n\n<p>PACHUCA, Hgo.- La Secretar\u00eda de Seguridad P\u00fablica de Hidalgo, con la amplia colaboraci\u00f3n de instituciones del Gobierno de M\u00e9xico, realizaron el traslado de 121 personas privadas de la libertad de penales estatales a Centros Federales de Reinserci\u00f3n Social.<\/p>\n\n\n\n<p>Se trata de 106 hombres y 15 mujeres que se encontraban bajo prisi\u00f3n en los municipios de Actopan, Apan, Huichapan, Pachuca, Jaltoc\u00e1n, Tula y Tulancingo.<\/p>\n\n\n\n<p>Las personas que forman parte de los traslados se encuentran relacionadas con hechos que atentan contra la seguridad de los centros penitenciarios de Hidalgo, que se han evadido de penales y\/o que buscaban promover el autogobierno a trav\u00e9s de la intimidaci\u00f3n y control de la poblaci\u00f3n penitenciaria.<\/p>\n\n\n\n<p>Los traslados, todos calificados de legales por la autoridad judicial, fueron desarrollados en seis etapas y mediante operativos coordinados entre la Secretar\u00eda de Seguridad y Protecci\u00f3n Ciudadana federal, el \u00d3rgano Administrativo Desconcentrado de Prevenci\u00f3n y Readaptaci\u00f3n Social, Guardia Nacional, la Agencia de Seguridad del Estado, C5i Hidalgo y la Subsecretar\u00eda de Reinserci\u00f3n Social de la entidad.<\/p>\n\n\n\n<p>Los Centros Federales de Reinserci\u00f3n Social de destino est\u00e1n ubicados en los estados de Veracruz, Nayarit, Guanajuato, Oaxaca, Durango, Chiapas, Morelos y Coahuila.<\/p>\n\n\n\n<figure class=\"wp-block-image\"><img decoding=\"async\" width=\"1024\" height=\"682\" src=\"https::\/\/elreporterohgo.com\/noticias\/wp-content\/uploads\/2022\/05\/bf3dd715-0a3f-4a4e-a464-49e08b3014b0-1024x682.jpg\" alt=\"\" class=\"wp-image-49327\" srcset=\"https:\/\/elreporterohgo.com\/noticias\/wp-content\/uploads\/2022\/05\/bf3dd715-0a3f-4a4e-a464-49e08b3014b0-1024x682.jpg 1024w, https:\/\/elreporterohgo.com\/noticias\/wp-content\/uploads\/2022\/05\/bf3dd715-0a3f-4a4e-a464-49e08b3014b0-300x200.jpg 300w, https:\/\/elreporterohgo.com\/noticias\/wp-content\/uploads\/2022\/05\/bf3dd715-0a3f-4a4e-a464-49e08b3014b0-768x512.jpg 768w, https:\/\/elreporterohgo.com\/noticias\/wp-content\/uploads\/2022\/05\/bf3dd715-0a3f-4a4e-a464-49e08b3014b0.jpg 1280w\" sizes=\"(max-width: 1024px) 100vw, 1024px\" \/><\/figure>\n","protected":false},"excerpt":{"rendered":"<p>PACHUCA, Hgo.- La Secretar\u00eda de Seguridad P\u00fablica de Hidalgo, con la amplia colaboraci\u00f3n de instituciones del Gobierno de M\u00e9xico, realizaron el traslado de 121 personas privadas de la libertad de penales estatales a Centros Federales de Reinserci\u00f3n Social. Se trata de 106 hombres y 15 mujeres que se encontraban bajo prisi\u00f3n en los municipios de<\/p>\n","protected":false},"author":2,"featured_media":49326,"comment_status":"open","ping_status":"closed","sticky":false,"template":"","format":"standard","meta":{"footnotes":""},"categories":[10],"tags":[],"class_list":{"0":"post-49325","1":"post","2":"type-post","3":"status-publish","4":"format-standard","5":"has-post-thumbnail","7":"category-hidalgo"},"_links":{"self":[{"href":"https:\/\/elreporterohgo.com\/noticias\/wp-json\/wp\/v2\/posts\/49325","targetHints":{"allow":["GET"]}}],"collection":[{"href":"https:\/\/elreporterohgo.com\/noticias\/wp-json\/wp\/v2\/posts"}],"about":[{"href":"https:\/\/elreporterohgo.com\/noticias\/wp-json\/wp\/v2\/types\/post"}],"author":[{"embeddable":true,"href":"https:\/\/elreporterohgo.com\/noticias\/wp-json\/wp\/v2\/users\/2"}],"replies":[{"embeddable":true,"href":"https:\/\/elreporterohgo.com\/noticias\/wp-json\/wp\/v2\/comments?post=49325"}],"version-history":[{"count":1,"href":"https:\/\/elreporterohgo.com\/noticias\/wp-json\/wp\/v2\/posts\/49325\/revisions"}],"predecessor-version":[{"id":49329,"href":"https:\/\/elreporterohgo.com\/noticias\/wp-json\/wp\/v2\/posts\/49325\/revisions\/49329"}],"wp:featuredmedia":[{"embeddable":true,"href":"https:\/\/elreporterohgo.com\/noticias\/wp-json\/wp\/v2\/media\/49326"}],"wp:attachment":[{"href":"https:\/\/elreporterohgo.com\/noticias\/wp-json\/wp\/v2\/media?parent=49325"}],"wp:term":[{"taxonomy":"category","embeddable":true,"href":"https:\/\/elreporterohgo.com\/noticias\/wp-json\/wp\/v2\/categories?post=49325"},{"taxonomy":"post_tag","embeddable":true,"href":"https:\/\/elreporterohgo.com\/noticias\/wp-json\/wp\/v2\/tags?post=49325"}],"curies":[{"name":"wp","href":"https:\/\/api.w.org\/{rel}","templated":true}]}}