{"id":49253,"date":"2022-05-27T09:29:32","date_gmt":"2022-05-27T14:29:32","guid":{"rendered":"https:\/\/elreporterohgo.com\/noticias\/?p=49253"},"modified":"2022-05-27T09:29:35","modified_gmt":"2022-05-27T14:29:35","slug":"convocatoria-programa-de-estancias-tecnicas-de-investigacion-para-mujeres-indigenas-hidalguenses-en-alemania","status":"publish","type":"post","link":"https:\/\/elreporterohgo.com\/noticias\/2022\/05\/27\/convocatoria-programa-de-estancias-tecnicas-de-investigacion-para-mujeres-indigenas-hidalguenses-en-alemania\/","title":{"rendered":"Convocatoria \u201cPrograma de estancias t\u00e9cnicas de investigaci\u00f3n para mujeres ind\u00edgenas hidalguenses en Alemania\u201d"},"content":{"rendered":"\n<figure class=\"wp-block-image\"><img fetchpriority=\"high\" decoding=\"async\" width=\"1024\" height=\"682\" src=\"https::\/\/elreporterohgo.com\/noticias\/wp-content\/uploads\/2022\/05\/unnamed-2022-05-27T092743.678-1024x682.jpg\" alt=\"\" class=\"wp-image-49254\" srcset=\"https:\/\/elreporterohgo.com\/noticias\/wp-content\/uploads\/2022\/05\/unnamed-2022-05-27T092743.678-1024x682.jpg 1024w, https:\/\/elreporterohgo.com\/noticias\/wp-content\/uploads\/2022\/05\/unnamed-2022-05-27T092743.678-300x200.jpg 300w, https:\/\/elreporterohgo.com\/noticias\/wp-content\/uploads\/2022\/05\/unnamed-2022-05-27T092743.678-768x512.jpg 768w, https:\/\/elreporterohgo.com\/noticias\/wp-content\/uploads\/2022\/05\/unnamed-2022-05-27T092743.678.jpg 1280w\" sizes=\"(max-width: 1024px) 100vw, 1024px\" \/><\/figure>\n\n\n\n<p><strong>Tarjeta\nInformativa<\/strong><\/p>\n\n\n\n<p><strong>Convocatoria \u201cPrograma\nde estancias t\u00e9cnicas de investigaci\u00f3n para mujeres ind\u00edgenas hidalguenses en\nAlemania\u201d<\/strong><\/p>\n\n\n\n<p>\u2022&nbsp;&nbsp;&nbsp;&nbsp;&nbsp;&nbsp;&nbsp;&nbsp;&nbsp; San Agust\u00edn Tlaxiaca.- La Unidad de\nPlaneaci\u00f3n y Prospectiva a trav\u00e9s del Consejo de Ciencia, Tecnolog\u00eda e\nInnovaci\u00f3n y la empresa alemana Merck emiten la convocatoria: \u201cPrograma de\nEstancias T\u00e9cnicas de Investigaci\u00f3n para Mujeres Ind\u00edgenas hidalguenses en\nAlemania\u201d.<\/p>\n\n\n\n<p>\u2022&nbsp;&nbsp;&nbsp;&nbsp;&nbsp;&nbsp;&nbsp;&nbsp;&nbsp; La base de este programa\nes impulsar la formaci\u00f3n de capital humano de alta especializaci\u00f3n, vincular la\ninvestigaci\u00f3n e innovaci\u00f3n, facilitar la transferencia de conocimiento y\nfortalecer proyectos de investigaci\u00f3n de mujeres ind\u00edgenas de la entidad.<\/p>\n\n\n\n<p>\u2022&nbsp;&nbsp;&nbsp;&nbsp;&nbsp;&nbsp;&nbsp;&nbsp;&nbsp; El objetivo es fortalecer\nlos esfuerzos en torno a las problem\u00e1ticas regionales espec\u00edficas de la entidad\nque requieren de una atenci\u00f3n urgente y de la necesidad del desarrollo de una\nsoluci\u00f3n integral, profunda y amplia.<\/p>\n\n\n\n<p>\u2022&nbsp;&nbsp;&nbsp;&nbsp;&nbsp;&nbsp;&nbsp;&nbsp;&nbsp; Las caracter\u00edsticas de la\nbeca son: Pago de traslado a\u00e9reo (viaje vuelo redondo), alimentaci\u00f3n,\ntransporte local, hospedaje y seguro m\u00e9dico.<\/p>\n\n\n\n<p>\u2022&nbsp;&nbsp;&nbsp;&nbsp;&nbsp;&nbsp;&nbsp;&nbsp;&nbsp; Podr\u00e1n participar\naspirantes con cualquier \u00e1rea de conocimiento, principalmente en disciplinas\ncomo: Medicina, Qu\u00edmica, Biotecnolog\u00eda, Qu\u00edmico farmac\u00e9utico o \u00e1reas afines.<\/p>\n\n\n\n<p>\u2022&nbsp;&nbsp;&nbsp;&nbsp;&nbsp;&nbsp;&nbsp;&nbsp;&nbsp; Entre los requisitos\nest\u00e1n: ser originaria de Hidalgo, contar con certificado de estudios, ser\naceptada por una instituci\u00f3n de educaci\u00f3n superior o centro de investigaci\u00f3n en\nAlemania, no contar con plaza laboral vigente y presentar propuesta de\ninvestigaci\u00f3n. Para m\u00e1s informaci\u00f3n las interesadas pueden consultar los\ndetalles en: https:s:\/\/bit.ly\/3yWlCWg<\/p>\n\n\n\n<p>\u2022&nbsp;&nbsp;&nbsp;&nbsp;&nbsp;&nbsp;&nbsp;&nbsp;&nbsp; Esta convocatoria surge a\npartir de la firma del convenio de colaboraci\u00f3n y est\u00e1 dirigida a mujeres\nind\u00edgenas del estado que est\u00e9n realizando trabajos de investigaci\u00f3n en\ncualquier \u00e1rea del conocimiento a nivel maestr\u00eda y doctorado, a presentar\nsolicitudes para participar en el proceso de selecci\u00f3n y obtener una beca para\nrealizar una estancia de investigaci\u00f3n de campo en laboratorio\nqu\u00edmico-farmac\u00e9utico en Alemania.<\/p>\n\n\n\n<p>\u2022&nbsp;&nbsp;&nbsp;&nbsp;&nbsp;&nbsp;&nbsp;&nbsp;&nbsp; Merck inici\u00f3 operaciones\nen nuestro pa\u00eds desde 1930, es una empresa dedicada a las \u00e1reas de cuidado a la\nsalud, electr\u00f3nica, y cuenta con una planta de fabricaci\u00f3n de productos\nfarmac\u00e9uticos ubicada en el Estado de M\u00e9xico. <\/p>\n\n\n\n<p>\u2022&nbsp;&nbsp;&nbsp;&nbsp;&nbsp;&nbsp;&nbsp;&nbsp;&nbsp; En el marco de la firma\ndel convenio, Cristian Von Schulz Hausmann, director general de Grupo Merck en\nM\u00e9xico, dijo que esta combinaci\u00f3n de lo p\u00fablico y lo privado permite el\ndesarrollo de las naciones a una velocidad mayor, as\u00ed como construir un mundo\nm\u00e1s innovador.<\/p>\n\n\n\n<p>\u2022&nbsp;&nbsp;&nbsp;&nbsp;&nbsp;&nbsp;&nbsp;&nbsp;&nbsp; Se pronunci\u00f3 orgulloso de\nesta primera convocatoria que une a Alemania y M\u00e9xico en la tarea de impulsar a\nlas mujeres ind\u00edgenas, quienes aprenden y aplican este conocimiento para el\ndesarrollo de su comunidad.<\/p>\n\n\n\n<p>\u2022&nbsp;&nbsp;&nbsp;&nbsp;&nbsp;&nbsp;&nbsp;&nbsp;&nbsp; El director de Merck\ncelebr\u00f3 esta colaboraci\u00f3n y asegur\u00f3 que es el principio de un c\u00edrculo virtuoso\nque debe ayudar a m\u00e1s mujeres ind\u00edgenas cient\u00edficas para seguir avanzando en su\ncarrera y contribuir en su desarrollo para lograr grandes cosas.<\/p>\n\n\n\n<p>\u2022&nbsp;&nbsp;&nbsp;&nbsp;&nbsp;&nbsp;&nbsp;&nbsp;&nbsp; En el evento, en\nrepresentaci\u00f3n de las mujeres ind\u00edgenas, Irla \u00c9lida Vargas del \u00c1ngel,\noriginaria del municipio de Huzalingo, pronunci\u00f3 un mensaje en n\u00e1huatl y\nespa\u00f1ol en el cual expres\u00f3 que esta es una gran oportunidad para las mujeres\nque estudian, hacen investigaci\u00f3n y que trabajan en beneficio de sus\ncomunidades.<\/p>\n","protected":false},"excerpt":{"rendered":"<p>Tarjeta Informativa Convocatoria \u201cPrograma de estancias t\u00e9cnicas de investigaci\u00f3n para mujeres ind\u00edgenas hidalguenses en Alemania\u201d \u2022&nbsp;&nbsp;&nbsp;&nbsp;&nbsp;&nbsp;&nbsp;&nbsp;&nbsp; San Agust\u00edn Tlaxiaca.- La Unidad de Planeaci\u00f3n y Prospectiva a trav\u00e9s del Consejo de Ciencia, Tecnolog\u00eda e Innovaci\u00f3n y la empresa alemana Merck emiten la convocatoria: \u201cPrograma de Estancias T\u00e9cnicas de Investigaci\u00f3n para Mujeres Ind\u00edgenas hidalguenses en Alemania\u201d. \u2022&nbsp;&nbsp;&nbsp;&nbsp;&nbsp;&nbsp;&nbsp;&nbsp;&nbsp;<\/p>\n","protected":false},"author":2,"featured_media":49254,"comment_status":"open","ping_status":"closed","sticky":false,"template":"","format":"standard","meta":{"footnotes":""},"categories":[10],"tags":[],"class_list":{"0":"post-49253","1":"post","2":"type-post","3":"status-publish","4":"format-standard","5":"has-post-thumbnail","7":"category-hidalgo"},"_links":{"self":[{"href":"https:\/\/elreporterohgo.com\/noticias\/wp-json\/wp\/v2\/posts\/49253","targetHints":{"allow":["GET"]}}],"collection":[{"href":"https:\/\/elreporterohgo.com\/noticias\/wp-json\/wp\/v2\/posts"}],"about":[{"href":"https:\/\/elreporterohgo.com\/noticias\/wp-json\/wp\/v2\/types\/post"}],"author":[{"embeddable":true,"href":"https:\/\/elreporterohgo.com\/noticias\/wp-json\/wp\/v2\/users\/2"}],"replies":[{"embeddable":true,"href":"https:\/\/elreporterohgo.com\/noticias\/wp-json\/wp\/v2\/comments?post=49253"}],"version-history":[{"count":1,"href":"https:\/\/elreporterohgo.com\/noticias\/wp-json\/wp\/v2\/posts\/49253\/revisions"}],"predecessor-version":[{"id":49255,"href":"https:\/\/elreporterohgo.com\/noticias\/wp-json\/wp\/v2\/posts\/49253\/revisions\/49255"}],"wp:featuredmedia":[{"embeddable":true,"href":"https:\/\/elreporterohgo.com\/noticias\/wp-json\/wp\/v2\/media\/49254"}],"wp:attachment":[{"href":"https:\/\/elreporterohgo.com\/noticias\/wp-json\/wp\/v2\/media?parent=49253"}],"wp:term":[{"taxonomy":"category","embeddable":true,"href":"https:\/\/elreporterohgo.com\/noticias\/wp-json\/wp\/v2\/categories?post=49253"},{"taxonomy":"post_tag","embeddable":true,"href":"https:\/\/elreporterohgo.com\/noticias\/wp-json\/wp\/v2\/tags?post=49253"}],"curies":[{"name":"wp","href":"https:\/\/api.w.org\/{rel}","templated":true}]}}