{"id":49247,"date":"2022-05-27T09:15:22","date_gmt":"2022-05-27T14:15:22","guid":{"rendered":"https:\/\/elreporterohgo.com\/noticias\/?p=49247"},"modified":"2022-05-27T09:15:25","modified_gmt":"2022-05-27T14:15:25","slug":"iniciativa-en-la-ley-de-derechos-humanos-del-estado-de-hidalgo-que-reforma-su-articulo-133","status":"publish","type":"post","link":"https:\/\/elreporterohgo.com\/noticias\/2022\/05\/27\/iniciativa-en-la-ley-de-derechos-humanos-del-estado-de-hidalgo-que-reforma-su-articulo-133\/","title":{"rendered":"Iniciativa en la Ley de Derechos Humanos del Estado de Hidalgo que reforma su art\u00edculo 133"},"content":{"rendered":"\n<figure class=\"wp-block-image\"><img fetchpriority=\"high\" decoding=\"async\" width=\"1024\" height=\"838\" src=\"https::\/\/elreporterohgo.com\/noticias\/wp-content\/uploads\/2022\/05\/IMG_4867-2-1024x838.jpg\" alt=\"\" class=\"wp-image-49248\" srcset=\"https:\/\/elreporterohgo.com\/noticias\/wp-content\/uploads\/2022\/05\/IMG_4867-2-1024x838.jpg 1024w, https:\/\/elreporterohgo.com\/noticias\/wp-content\/uploads\/2022\/05\/IMG_4867-2-300x245.jpg 300w, https:\/\/elreporterohgo.com\/noticias\/wp-content\/uploads\/2022\/05\/IMG_4867-2-768x628.jpg 768w, https:\/\/elreporterohgo.com\/noticias\/wp-content\/uploads\/2022\/05\/IMG_4867-2.jpg 1984w\" sizes=\"(max-width: 1024px) 100vw, 1024px\" \/><\/figure>\n\n\n\n<p>Siguiendo el trabajo legislativo en el Congreso del Estado de Hidalgo, las diputadas y los diputados Jorge Hern\u00e1ndez Araus y Jos\u00e9 Antonio Hern\u00e1ndez Vera integrantes del Grupo Legislativo de MORENA, Tania Valdez Cuellar, Elvia Yanet Sierra Vite, Edgar Hern\u00e1ndez Da\u00f1u y Jes\u00fas Osiris Leines Med\u00e9cigo, integrantes del Grupo Legislativo del Partido del Trabajo presentaron una iniciativa en la Ley de Derechos Humanos del Estado de Hidalgo que reforma su art\u00edculo 133.<\/p>\n\n\n\n<p>El Coordinador del Grupo Legislativo del Partido del Trabajo en Hidalgo Osiris Leines dio lectura a la iniciativa cuyo objetivo es buscar erradicar cualquier tipo de discriminaci\u00f3n y subjetividad en la elecci\u00f3n al cargo de titular del \u00d3rgano Interno de Control de la Comisi\u00f3n de Derechos Humanos, a fin de garantizar efectivamente los derechos humanos de quienes est\u00e9n interesados en concursar por este cargo, no dejando a la interpretaci\u00f3n o subjetividad cualquier requisito y as\u00ed eliminar cualquier tipo de discriminaci\u00f3n.<\/p>\n\n\n\n<p>\u201cPara las y los diputados integrantes del Grupo Legislativo del Partido del Trabajo es importante cumplir con la Agenda Legislativa y que esta sea de beneficio para las y los hidalguenses, que impacte directamente en las vidas, de quienes confiaron en nosotros para ser sus representantes populares; Expresarles que no descansaremos hasta lograr que el marco legal sea justo, equitativo y responda a las necesidades actuales.\u201d, Coment\u00f3 Osiris Leines.<\/p>\n\n\n\n<p>En la exposici\u00f3n de motivos coment\u00f3 que la creaci\u00f3n de un marco legal que respete los derechos humanos de todas y todos es esencial para poder obtener el bienestar social, por ende, mediante las leyes se debe garantizar los derechos, desde la constituci\u00f3n hasta las leyes nacionales, regionales y locales, el marco legal debe reflejar los principios internacionales de Derechos humanos los esfuerzos de reformar el marco jur\u00eddico y deben incluir una revisi\u00f3n integral de las leyes para generar cualquier tipo de discriminaci\u00f3n.<\/p>\n\n\n\n<p>Uno de los eventos m\u00e1s importantes que le pude pasar a cualquier persona es el ingreso al sistema penal, especialmente cuando se trata de un delito culposo, por el cual puede declararse culpable y posteriormente ser sentenciado. Asimismo, frente al delito doloso, los infractores son estigmatizados y segregados a\u00fan despu\u00e9s de cumplir sus condenas; aun cuando la deuda con la sociedad haya sido saldada mediante el cumplimiento de las sanciones penales impuestas, esto significa una discriminaci\u00f3n permanente.<\/p>\n\n\n\n<p>Y el continuar manteniendo en nuestra legislaci\u00f3n local requisitos como \u201cde amplia solvencia moral\u201d, es discriminatorio pues se considera subjetivo porque para su acreditaci\u00f3n, es a juicio valorativo y discrecional de las personas encargadas de su calificaci\u00f3n, por ende, es discriminatorio exigir tal requisito sin saber los criterios morales de las personas que lo calificar\u00e1n, lo que podr\u00eda generar que se niegue el acceso a cargos p\u00fablicos con base en prejuicios.<\/p>\n\n\n\n<p>\u201cEsto no es una labor sencilla sin embargo como legisladores estamos obligados a promover, respetar, proteger y garantizar los derechos humanos de conformidad con los principios de universalidad, interdependencia, indivisibilidad y progresividad\u201d, Osiris Leines.<\/p>\n\n\n\n<p>Con esta iniciativa se est\u00e1 previniendo una Violaci\u00f3n a los Derechos Humanos evitando la discriminaci\u00f3n de las personas.<\/p>\n","protected":false},"excerpt":{"rendered":"<p>Siguiendo el trabajo legislativo en el Congreso del Estado de Hidalgo, las diputadas y los diputados Jorge Hern\u00e1ndez Araus y Jos\u00e9 Antonio Hern\u00e1ndez Vera integrantes del Grupo Legislativo de MORENA, Tania Valdez Cuellar, Elvia Yanet Sierra Vite, Edgar Hern\u00e1ndez Da\u00f1u y Jes\u00fas Osiris Leines Med\u00e9cigo, integrantes del Grupo Legislativo del Partido del Trabajo presentaron una<\/p>\n","protected":false},"author":2,"featured_media":49248,"comment_status":"open","ping_status":"closed","sticky":false,"template":"","format":"standard","meta":{"footnotes":""},"categories":[10],"tags":[],"class_list":{"0":"post-49247","1":"post","2":"type-post","3":"status-publish","4":"format-standard","5":"has-post-thumbnail","7":"category-hidalgo"},"_links":{"self":[{"href":"https:\/\/elreporterohgo.com\/noticias\/wp-json\/wp\/v2\/posts\/49247","targetHints":{"allow":["GET"]}}],"collection":[{"href":"https:\/\/elreporterohgo.com\/noticias\/wp-json\/wp\/v2\/posts"}],"about":[{"href":"https:\/\/elreporterohgo.com\/noticias\/wp-json\/wp\/v2\/types\/post"}],"author":[{"embeddable":true,"href":"https:\/\/elreporterohgo.com\/noticias\/wp-json\/wp\/v2\/users\/2"}],"replies":[{"embeddable":true,"href":"https:\/\/elreporterohgo.com\/noticias\/wp-json\/wp\/v2\/comments?post=49247"}],"version-history":[{"count":1,"href":"https:\/\/elreporterohgo.com\/noticias\/wp-json\/wp\/v2\/posts\/49247\/revisions"}],"predecessor-version":[{"id":49249,"href":"https:\/\/elreporterohgo.com\/noticias\/wp-json\/wp\/v2\/posts\/49247\/revisions\/49249"}],"wp:featuredmedia":[{"embeddable":true,"href":"https:\/\/elreporterohgo.com\/noticias\/wp-json\/wp\/v2\/media\/49248"}],"wp:attachment":[{"href":"https:\/\/elreporterohgo.com\/noticias\/wp-json\/wp\/v2\/media?parent=49247"}],"wp:term":[{"taxonomy":"category","embeddable":true,"href":"https:\/\/elreporterohgo.com\/noticias\/wp-json\/wp\/v2\/categories?post=49247"},{"taxonomy":"post_tag","embeddable":true,"href":"https:\/\/elreporterohgo.com\/noticias\/wp-json\/wp\/v2\/tags?post=49247"}],"curies":[{"name":"wp","href":"https:\/\/api.w.org\/{rel}","templated":true}]}}