{"id":49238,"date":"2022-05-27T08:54:44","date_gmt":"2022-05-27T13:54:44","guid":{"rendered":"https:\/\/elreporterohgo.com\/noticias\/?p=49238"},"modified":"2022-05-27T08:56:06","modified_gmt":"2022-05-27T13:56:06","slug":"carolina-viggiano-denuncio-la-constante-guerra-sucia-en-su-contra","status":"publish","type":"post","link":"https:\/\/elreporterohgo.com\/noticias\/2022\/05\/27\/carolina-viggiano-denuncio-la-constante-guerra-sucia-en-su-contra\/","title":{"rendered":"Carolina Viggiano denunci\u00f3 la constante guerra sucia en su contra"},"content":{"rendered":"\n<figure class=\"wp-block-image\"><img fetchpriority=\"high\" decoding=\"async\" width=\"1024\" height=\"1007\" src=\"https::\/\/elreporterohgo.com\/noticias\/wp-content\/uploads\/2022\/05\/Foto5-6-1024x1007.jpg\" alt=\"\" class=\"wp-image-49240\" srcset=\"https:\/\/elreporterohgo.com\/noticias\/wp-content\/uploads\/2022\/05\/Foto5-6-1024x1007.jpg 1024w, https:\/\/elreporterohgo.com\/noticias\/wp-content\/uploads\/2022\/05\/Foto5-6-300x295.jpg 300w, https:\/\/elreporterohgo.com\/noticias\/wp-content\/uploads\/2022\/05\/Foto5-6-768x755.jpg 768w, https:\/\/elreporterohgo.com\/noticias\/wp-content\/uploads\/2022\/05\/Foto5-6.jpg 1359w\" sizes=\"(max-width: 1024px) 100vw, 1024px\" \/><\/figure>\n\n\n\n<p>Pachuca de Soto, Hgo.- La candidata de la alianza Va por Hidalgo, Carolina Viggiano Austria, denunci\u00f3 la constante guerra sucia en su contra al advertir que el equipo de Morena busca una persona parecida f\u00edsicamente a ella para grabar un video y tratar de desprestigiarla. <\/p>\n\n\n\n<p>\u00abMe parece\nlamentable, reprobable. Es una muestra del tama\u00f1o real de las personas con las\nque estamos compitiendo\u00bb, se\u00f1al\u00f3.<\/p>\n\n\n\n<p>A trav\u00e9s de su\ntransmisi\u00f3n en vivo por redes sociales, \u201cDespierta con Caro\u201d, la abanderada del\nPAN, PRI y PRD tambi\u00e9n advirti\u00f3 la posibilidad de un auto atentado planeado por\nel candidato morenista con el objetivo de levantar su campa\u00f1a. <\/p>\n\n\n\n<p>Ante ello, Viggiano\nAustria exhort\u00f3 al aspirante de Morena a conducirse con \u00e9tica&nbsp; y a la altura de lo que Hidalgo necesita con\npol\u00edtica limpia.<\/p>\n\n\n\n<p>Por otra parte,\ndurante su transmisi\u00f3n matutina, Carolina Viggiano afirm\u00f3 que el gobierno\nfederal s\u00ed atenta contra los derechos de los trabajadores de la salud porque a\ntrav\u00e9s de la fusi\u00f3n del IMSS-Bienestar, los deja en un estado de inseguridad\nlaboral.<\/p>\n\n\n\n<p>\u201cHasta el momento\nninguna autoridad federal ha sido clara de manera oficial, no les han dicho qu\u00e9\npasar\u00e1 con sus derechos, antig\u00fcedad, salarios y prestaciones\u201d, indic\u00f3. <\/p>\n\n\n\n<p>Asegur\u00f3 que en\nestados como Nayarit y Tlaxcala, gobernados por Morena, implementaron un\nprograma piloto de la fusi\u00f3n pero hasta el momento no existen garant\u00edas y\nexplicaci\u00f3n a los trabajadores de lo que suceder\u00e1 con sus derechos laborales,\ndej\u00e1ndolos en un estado de indefensi\u00f3n.<\/p>\n\n\n\n<p>\u00abNo voy a\npermitir que sus derechos sean ignorados, su esfuerzo y trayectoria merecen\nrespeto\u00bb, afirm\u00f3.<\/p>\n\n\n\n<p>La candidata\naliancista explic\u00f3, que si el gobierno pretende realizar esa fusi\u00f3n, se debe\nmodificar la Constituci\u00f3n del pa\u00eds, en el art\u00edculo 123 y cambiar la\nreglamentaci\u00f3n del IMSS.<\/p>\n\n\n\n<p>Dichas modificaciones\nllevar\u00edan mucho tiempo, mientras tanto los trabajadores de la salud, quedar\u00edan\nsin la protecci\u00f3n de sus derechos laborales, detall\u00f3.<\/p>\n\n\n\n<p>Tambi\u00e9n platic\u00f3 sobre\nlos migrantes hidalguenses y las estrategias que tendr\u00e1 durante su gobierno a\nfavor de ese sector y sus familias.<\/p>\n\n\n\n<p>En ese sentido,\nadelant\u00f3 que implementar\u00e1 un programa que permita viajar a la familia del\nmigrante a los Estados Unidos o viceversa para reunirse nuevamente despu\u00e9s\nmuchos a\u00f1os de no hacerlo.<\/p>\n\n\n\n<p>Dentro de su gobierno\nel apoyo a los migrantes hidalguenses ser\u00e1 una prioridad con la aplicaci\u00f3n del\nprograma 2&#215;1, similar al que exist\u00eda en el gobierno federal, antes de ser\ndesaparecido y con ello mejorar las comunidades de donde son originarios.<\/p>\n","protected":false},"excerpt":{"rendered":"<p>Pachuca de Soto, Hgo.- La candidata de la alianza Va por Hidalgo, Carolina Viggiano Austria, denunci\u00f3 la constante guerra sucia en su contra al advertir que el equipo de Morena busca una persona parecida f\u00edsicamente a ella para grabar un video y tratar de desprestigiarla. \u00abMe parece lamentable, reprobable. Es una muestra del tama\u00f1o real<\/p>\n","protected":false},"author":2,"featured_media":49240,"comment_status":"open","ping_status":"closed","sticky":false,"template":"","format":"standard","meta":{"footnotes":""},"categories":[10],"tags":[],"class_list":{"0":"post-49238","1":"post","2":"type-post","3":"status-publish","4":"format-standard","5":"has-post-thumbnail","7":"category-hidalgo"},"_links":{"self":[{"href":"https:\/\/elreporterohgo.com\/noticias\/wp-json\/wp\/v2\/posts\/49238","targetHints":{"allow":["GET"]}}],"collection":[{"href":"https:\/\/elreporterohgo.com\/noticias\/wp-json\/wp\/v2\/posts"}],"about":[{"href":"https:\/\/elreporterohgo.com\/noticias\/wp-json\/wp\/v2\/types\/post"}],"author":[{"embeddable":true,"href":"https:\/\/elreporterohgo.com\/noticias\/wp-json\/wp\/v2\/users\/2"}],"replies":[{"embeddable":true,"href":"https:\/\/elreporterohgo.com\/noticias\/wp-json\/wp\/v2\/comments?post=49238"}],"version-history":[{"count":1,"href":"https:\/\/elreporterohgo.com\/noticias\/wp-json\/wp\/v2\/posts\/49238\/revisions"}],"predecessor-version":[{"id":49241,"href":"https:\/\/elreporterohgo.com\/noticias\/wp-json\/wp\/v2\/posts\/49238\/revisions\/49241"}],"wp:featuredmedia":[{"embeddable":true,"href":"https:\/\/elreporterohgo.com\/noticias\/wp-json\/wp\/v2\/media\/49240"}],"wp:attachment":[{"href":"https:\/\/elreporterohgo.com\/noticias\/wp-json\/wp\/v2\/media?parent=49238"}],"wp:term":[{"taxonomy":"category","embeddable":true,"href":"https:\/\/elreporterohgo.com\/noticias\/wp-json\/wp\/v2\/categories?post=49238"},{"taxonomy":"post_tag","embeddable":true,"href":"https:\/\/elreporterohgo.com\/noticias\/wp-json\/wp\/v2\/tags?post=49238"}],"curies":[{"name":"wp","href":"https:\/\/api.w.org\/{rel}","templated":true}]}}