{"id":48560,"date":"2022-04-28T07:32:41","date_gmt":"2022-04-28T12:32:41","guid":{"rendered":"https:\/\/elreporterohgo.com\/noticias\/?p=48560"},"modified":"2022-04-28T07:32:42","modified_gmt":"2022-04-28T12:32:42","slug":"%ef%bb%bfcongreso-del-estado-de-hidalgo-celebra-foro-de-representacion-migrante-realidades-y-desafios-politico-electorales-en-el-estado-de-hidalgo","status":"publish","type":"post","link":"https:\/\/elreporterohgo.com\/noticias\/2022\/04\/28\/%ef%bb%bfcongreso-del-estado-de-hidalgo-celebra-foro-de-representacion-migrante-realidades-y-desafios-politico-electorales-en-el-estado-de-hidalgo\/","title":{"rendered":"\ufeffCONGRESO DEL ESTADO DE HIDALGO CELEBRA FORO DE REPRESENTACI\u00d3N MIGRANTE, REALIDADES Y DESAF\u00cdOS POL\u00cdTICO-ELECTORALES EN EL ESTADO DE HIDALGO"},"content":{"rendered":"\n<figure class=\"wp-block-image\"><img fetchpriority=\"high\" decoding=\"async\" width=\"1024\" height=\"683\" src=\"https::\/\/elreporterohgo.com\/noticias\/wp-content\/uploads\/2022\/04\/27.04.2022-Foro-Migrantes-18-1024x683.jpg\" alt=\"\" class=\"wp-image-48561\" srcset=\"https:\/\/elreporterohgo.com\/noticias\/wp-content\/uploads\/2022\/04\/27.04.2022-Foro-Migrantes-18-1024x683.jpg 1024w, https:\/\/elreporterohgo.com\/noticias\/wp-content\/uploads\/2022\/04\/27.04.2022-Foro-Migrantes-18-300x200.jpg 300w, https:\/\/elreporterohgo.com\/noticias\/wp-content\/uploads\/2022\/04\/27.04.2022-Foro-Migrantes-18-768x512.jpg 768w\" sizes=\"(max-width: 1024px) 100vw, 1024px\" \/><\/figure>\n\n\n\n<p>Este mi\u00e9rcoles 27 de abril, el Congreso del Estado de Hidalgo a trav\u00e9s del Instituto de Estudios Legislativos, celebr\u00f3 el foro \u201cRepresentaci\u00f3n migrante, realidades y desaf\u00edos pol\u00edtico-electorales en el estado de Hidalgo<br><\/p>\n\n\n\n<p>Se cont\u00f3 con la presencia de Juan Estrada, presidente de la comisi\u00f3n de Atenci\u00f3n a Migrantes y diputado local de Zacatecas, Jos\u00e9 Alberto Gonz\u00e1lez, representante de la organizaci\u00f3n civil \u201cEstrada\u00bb, Dr. Daniel Zorrilla, investigador de la m\u00e1xima casa de estudios, la Universidad Aut\u00f3noma del Estado de Hidalgo, Emilse Miranda, subsecretaria de Desarrollo Social y Humano del estado,&nbsp; Julio Valera, presidente de la comisi\u00f3n de Poblaci\u00f3n y Migraci\u00f3n, Jorge Hern\u00e1ndez Araus, presidente de la Junta de Gobierno, los integrantes de la LXV Legislatura y de los representantes de los 84 municipios que conforman el estado.<br><\/p>\n\n\n\n<p>Este evento sienta sus bases cuando el pasado 20 de diciembre de 2021, se present\u00f3 a los integrantes del Poder Legislativo la iniciativa que tiene el objeto de reformar, adicionar y derogar diversas disposiciones de la Constituci\u00f3n Pol\u00edtica del Estado de Hidalgo, en materia de voto migrante formulada por Omar Fayad, gobernador del estado.&nbsp;<br><\/p>\n\n\n\n<p>El objetivo de este foro fue que los integrantes de los 84 ayuntamientos y la ciudadan\u00eda en general, conozcan la parte sustantiva que compone a la propuesta, pero tambi\u00e9n, la importancia org\u00e1nica que desempe\u00f1an para el proceso legislativo, adem\u00e1s de promover mejores pr\u00e1cticas de parlamento abierto entre los poderes p\u00fablicos y la poblaci\u00f3n.<br><\/p>\n\n\n\n<p>\u201cEn la comisi\u00f3n de Poblaci\u00f3n y Migraci\u00f3n de LXV Legislatura estamos comprometidos para reconocer el derecho al voto desde el extranjero en todas las elecciones que se lleven a cabo en Hidalgo, lo hacemos as\u00ed, convencidos de que es necesario que las y los migrantes participen en las decisiones pol\u00edticas y la vida p\u00fablica y democr\u00e1tica de Hidalgo y sus municipios. Estoy seguro que ser\u00e1 una reforma con largo alcance ya que tendr\u00e1 efectos m\u00e1s all\u00e1 de nuestro territorio, m\u00e1s all\u00e1 de nuestras fronteras.\u201d se\u00f1al\u00f3 el diputado Julio Valera.&nbsp;&nbsp;<\/p>\n\n\n\n<p><\/p>\n\n\n\n<p><\/p>\n\n\n\n<p><\/p>\n\n\n\n<p>Se destac\u00f3 la propuesta de reconocimiento y ampliaci\u00f3n de los derechos pol\u00edtico-electorales de las personas migrantes. En tal sentido, se observ\u00f3 que la iniciativa busca reconocer que los hidalguenses residentes en el extranjero tengan el derecho a votar y ser votados mediante la creaci\u00f3n de las figuras del diputado y el regidor migrante.<br><\/p>\n\n\n\n<p>Acorde a los datos de la direcci\u00f3n general de Atenci\u00f3n al Migrante del estado, tan solo en Estados Unidos se encuentran 368 mil 454 migrantes hidalguenses, cifra que posiciona a nuestro estado en el quinto lugar en el \u00edndice de intensidad migratoria a nivel nacional, con 13 municipios con muy alta intensidad migratoria y 15 con alta intensidad migratoria.&nbsp;<br><\/p>\n\n\n\n<p>&nbsp;\u201cPara nosotros los migrantes es un tema de justicia social, esta pol\u00edtica que estamos haciendo Dios quiera eventualmente se convierta en una pol\u00edtica basada en hechos reales que puedan apoyar a esta comunidad que aporta y aporta mucho\u201d, destac\u00f3 Jos\u00e9 Juan Estrada.&nbsp;<br><\/p>\n\n\n\n<p>El voto en el extranjero permite que los ciudadanos que se encuentran temporal o permanentemente fuera su pa\u00eds, ejerzan su derecho al sufragio y a participar en la toma de decisiones. M\u00e9xico se ha sumado a diversos instrumentos internacionales que consagran los derechos pol\u00edticos de las personas, como lo es el pacto Internacional de Derechos Civiles y Pol\u00edticos y la convenci\u00f3n americana sobre Derechos Humanos.<br><\/p>\n\n\n\n<p>Jos\u00e9 Alberto Gonz\u00e1lez, representante de la organizaci\u00f3n civil \u201cEstrada\u201d expres\u00f3 las necesidades y los obst\u00e1culos que d\u00eda con d\u00eda viven las y los migrantes hidalguenses y de todo el pa\u00eds.<br><\/p>\n\n\n\n<p>El foro concluy\u00f3 con la participaci\u00f3n de la subsecretar\u00eda de Desarrollo Social y Humano del estado, Emilse Miranda, quien reconoci\u00f3 el trabajo legislativo y reiter\u00f3 su disposici\u00f3n para unir esfuerzos en favor de las y los migrantes.<br><\/p>\n\n\n\n<p>Legislar en materia de migraci\u00f3n y defensa de los derechos de todas y todos es un importante compromiso para la Junta de Gobierno y la LXV Legislatura.<br><\/p>\n","protected":false},"excerpt":{"rendered":"<p>Este mi\u00e9rcoles 27 de abril, el Congreso del Estado de Hidalgo a trav\u00e9s del Instituto de Estudios Legislativos, celebr\u00f3 el foro \u201cRepresentaci\u00f3n migrante, realidades y desaf\u00edos pol\u00edtico-electorales en el estado de Hidalgo Se cont\u00f3 con la presencia de Juan Estrada, presidente de la comisi\u00f3n de Atenci\u00f3n a Migrantes y diputado local de Zacatecas, Jos\u00e9 Alberto<\/p>\n","protected":false},"author":2,"featured_media":48561,"comment_status":"open","ping_status":"closed","sticky":false,"template":"","format":"standard","meta":{"footnotes":""},"categories":[10],"tags":[],"class_list":{"0":"post-48560","1":"post","2":"type-post","3":"status-publish","4":"format-standard","5":"has-post-thumbnail","7":"category-hidalgo"},"_links":{"self":[{"href":"https:\/\/elreporterohgo.com\/noticias\/wp-json\/wp\/v2\/posts\/48560","targetHints":{"allow":["GET"]}}],"collection":[{"href":"https:\/\/elreporterohgo.com\/noticias\/wp-json\/wp\/v2\/posts"}],"about":[{"href":"https:\/\/elreporterohgo.com\/noticias\/wp-json\/wp\/v2\/types\/post"}],"author":[{"embeddable":true,"href":"https:\/\/elreporterohgo.com\/noticias\/wp-json\/wp\/v2\/users\/2"}],"replies":[{"embeddable":true,"href":"https:\/\/elreporterohgo.com\/noticias\/wp-json\/wp\/v2\/comments?post=48560"}],"version-history":[{"count":1,"href":"https:\/\/elreporterohgo.com\/noticias\/wp-json\/wp\/v2\/posts\/48560\/revisions"}],"predecessor-version":[{"id":48562,"href":"https:\/\/elreporterohgo.com\/noticias\/wp-json\/wp\/v2\/posts\/48560\/revisions\/48562"}],"wp:featuredmedia":[{"embeddable":true,"href":"https:\/\/elreporterohgo.com\/noticias\/wp-json\/wp\/v2\/media\/48561"}],"wp:attachment":[{"href":"https:\/\/elreporterohgo.com\/noticias\/wp-json\/wp\/v2\/media?parent=48560"}],"wp:term":[{"taxonomy":"category","embeddable":true,"href":"https:\/\/elreporterohgo.com\/noticias\/wp-json\/wp\/v2\/categories?post=48560"},{"taxonomy":"post_tag","embeddable":true,"href":"https:\/\/elreporterohgo.com\/noticias\/wp-json\/wp\/v2\/tags?post=48560"}],"curies":[{"name":"wp","href":"https:\/\/api.w.org\/{rel}","templated":true}]}}