{"id":48557,"date":"2022-04-28T07:27:21","date_gmt":"2022-04-28T12:27:21","guid":{"rendered":"https:\/\/elreporterohgo.com\/noticias\/?p=48557"},"modified":"2022-04-28T07:27:22","modified_gmt":"2022-04-28T12:27:22","slug":"%ef%bb%bfen-mi-administracion-se-creara-la-procuraduria-de-ninos-ninas-y-la-familia-carolina-viggiano","status":"publish","type":"post","link":"https:\/\/elreporterohgo.com\/noticias\/2022\/04\/28\/%ef%bb%bfen-mi-administracion-se-creara-la-procuraduria-de-ninos-ninas-y-la-familia-carolina-viggiano\/","title":{"rendered":"\ufeffEN MI ADMINISTRACI\u00d3N SE CREAR\u00c1 LA PROCURADUR\u00cdA DE NI\u00d1OS, NI\u00d1AS Y LA FAMILIA: CAROLINA VIGGIANO"},"content":{"rendered":"\n<figure class=\"wp-block-image\"><img fetchpriority=\"high\" decoding=\"async\" width=\"1024\" height=\"683\" src=\"https::\/\/elreporterohgo.com\/noticias\/wp-content\/uploads\/2022\/04\/Foto-2-46-1024x683.jpg\" alt=\"\" class=\"wp-image-48558\" srcset=\"https:\/\/elreporterohgo.com\/noticias\/wp-content\/uploads\/2022\/04\/Foto-2-46-1024x683.jpg 1024w, https:\/\/elreporterohgo.com\/noticias\/wp-content\/uploads\/2022\/04\/Foto-2-46-300x200.jpg 300w, https:\/\/elreporterohgo.com\/noticias\/wp-content\/uploads\/2022\/04\/Foto-2-46-768x512.jpg 768w, https:\/\/elreporterohgo.com\/noticias\/wp-content\/uploads\/2022\/04\/Foto-2-46.jpg 1600w\" sizes=\"(max-width: 1024px) 100vw, 1024px\" \/><\/figure>\n\n\n\n<p>Tulancingo, Hgo.- En emotiva clausura del Foro de Participaci\u00f3n Ciudadana con el tema: Mujeres, Hidalgo Habla con El Alma, la candidata de la alianza Va por Hidalgo, Carolina Viggiano Austria, anunci\u00f3 que durante su administraci\u00f3n se crear\u00e1 la Procuradur\u00eda de Ni\u00f1os, Ni\u00f1as y la Familia, cuya operaci\u00f3n estar\u00e1 al margen de la asistencia social del gobierno del estado.<\/p>\n\n\n\n<p>La\ncandidata se\u00f1al\u00f3 que por su experiencia como abogada y su desempe\u00f1o como\npresidenta del Tribunal Superior de Justicia del estado y como presidenta del Sistema\npara el Desarrollo Integral de la Familia (DIF) en Coahuila, le dio la amplia\nvisi\u00f3n para crear una Procuradur\u00eda de Ni\u00f1os, Ni\u00f1as y Familia en aquella\nentidad, siendo esta el modelo m\u00e1s exitoso que existe en la Rep\u00fablica Mexicana.<\/p>\n\n\n\n<p>Ante\ncientos de mujeres la abanderada del PAN-PRI-PRD, reiter\u00f3 que en su gobierno se\ncrear\u00e1 una instituci\u00f3n s\u00f3lida a trav\u00e9s de esta Procuradur\u00eda especializada donde\nel personal que labore en dicha instancia sea profesional, con perspectiva de\ng\u00e9nero, al igual que todos los funcionarios de su gobierno.<\/p>\n\n\n\n<p>Dijo\nque esta Procuradur\u00eda contar\u00e1 con un financiamiento econ\u00f3mico propio,\neliminando de esta manera una burocracia que impera en los temas de violencia\ncontra mujeres y ni\u00f1os primordialmente.<\/p>\n\n\n\n<p>Por\notra parte, anunci\u00f3 que las mujeres hidalguenses contar\u00e1n con un medio de\ncomunicaci\u00f3n directa con la gobernadora a trav\u00e9s del Tel\u00e9fono Naranja, el cual\nestar\u00e1 disponible para plantearle a la mandataria sus quejas, demandas y\nnecesidades de manera directa y sin intermediarios.<\/p>\n\n\n\n<p>\u201cEste\nmedio de comunicaci\u00f3n atender\u00e1 de manera puntual las problem\u00e1ticas que tengan\ntodas las mujeres de Hidalgo y ser\u00e1 la misma gobernadora quien le d\u00e9 un\nseguimiento puntual, durante todo el proceso legal porque su gobernadora estar\u00e1\ncercana a las problem\u00e1ticas reales de las mujeres y menores hidalguenses con la\ncreaci\u00f3n de pol\u00edticas p\u00fablicas que siempre vean por el bien com\u00fan de estos\u201d,\nsubray\u00f3.<\/p>\n\n\n\n<p>En\nel evento, Carolina Viggiano pidi\u00f3 un minuto de silencio por aquellas mujeres\nque han fallecido por el simple hecho de ser mujer y ofreci\u00f3 que en Tulancingo,\nas\u00ed como en varias regiones del estado, se contar\u00e1 con Centros de Justicia y\nEmpoderamiento para las Mujeres, para que en un mismo techo encuentren todo un\nequipo multidisciplinario para darle soluci\u00f3n a su problem\u00e1tica de violencia.<\/p>\n","protected":false},"excerpt":{"rendered":"<p>Tulancingo, Hgo.- En emotiva clausura del Foro de Participaci\u00f3n Ciudadana con el tema: Mujeres, Hidalgo Habla con El Alma, la candidata de la alianza Va por Hidalgo, Carolina Viggiano Austria, anunci\u00f3 que durante su administraci\u00f3n se crear\u00e1 la Procuradur\u00eda de Ni\u00f1os, Ni\u00f1as y la Familia, cuya operaci\u00f3n estar\u00e1 al margen de la asistencia social del<\/p>\n","protected":false},"author":2,"featured_media":48558,"comment_status":"open","ping_status":"closed","sticky":false,"template":"","format":"standard","meta":{"footnotes":""},"categories":[10],"tags":[],"class_list":{"0":"post-48557","1":"post","2":"type-post","3":"status-publish","4":"format-standard","5":"has-post-thumbnail","7":"category-hidalgo"},"_links":{"self":[{"href":"https:\/\/elreporterohgo.com\/noticias\/wp-json\/wp\/v2\/posts\/48557","targetHints":{"allow":["GET"]}}],"collection":[{"href":"https:\/\/elreporterohgo.com\/noticias\/wp-json\/wp\/v2\/posts"}],"about":[{"href":"https:\/\/elreporterohgo.com\/noticias\/wp-json\/wp\/v2\/types\/post"}],"author":[{"embeddable":true,"href":"https:\/\/elreporterohgo.com\/noticias\/wp-json\/wp\/v2\/users\/2"}],"replies":[{"embeddable":true,"href":"https:\/\/elreporterohgo.com\/noticias\/wp-json\/wp\/v2\/comments?post=48557"}],"version-history":[{"count":1,"href":"https:\/\/elreporterohgo.com\/noticias\/wp-json\/wp\/v2\/posts\/48557\/revisions"}],"predecessor-version":[{"id":48559,"href":"https:\/\/elreporterohgo.com\/noticias\/wp-json\/wp\/v2\/posts\/48557\/revisions\/48559"}],"wp:featuredmedia":[{"embeddable":true,"href":"https:\/\/elreporterohgo.com\/noticias\/wp-json\/wp\/v2\/media\/48558"}],"wp:attachment":[{"href":"https:\/\/elreporterohgo.com\/noticias\/wp-json\/wp\/v2\/media?parent=48557"}],"wp:term":[{"taxonomy":"category","embeddable":true,"href":"https:\/\/elreporterohgo.com\/noticias\/wp-json\/wp\/v2\/categories?post=48557"},{"taxonomy":"post_tag","embeddable":true,"href":"https:\/\/elreporterohgo.com\/noticias\/wp-json\/wp\/v2\/tags?post=48557"}],"curies":[{"name":"wp","href":"https:\/\/api.w.org\/{rel}","templated":true}]}}