{"id":48544,"date":"2022-04-27T11:03:20","date_gmt":"2022-04-27T16:03:20","guid":{"rendered":"https:\/\/elreporterohgo.com\/noticias\/?p=48544"},"modified":"2022-04-27T12:40:39","modified_gmt":"2022-04-27T17:40:39","slug":"parece-zona-de-guerra-la-planta-cruz-azul","status":"publish","type":"post","link":"https:\/\/elreporterohgo.com\/noticias\/2022\/04\/27\/parece-zona-de-guerra-la-planta-cruz-azul\/","title":{"rendered":"Parece zona de guerra la planta Cruz Azul"},"content":{"rendered":"\n<figure class=\"wp-block-image\"><img fetchpriority=\"high\" decoding=\"async\" width=\"1024\" height=\"710\" src=\"https::\/\/elreporterohgo.com\/noticias\/wp-content\/uploads\/2022\/04\/aee75592-038c-4cce-bd87-9f08a77ac6f6-2-1024x710.jpg\" alt=\"\" class=\"wp-image-48545\" srcset=\"https:\/\/elreporterohgo.com\/noticias\/wp-content\/uploads\/2022\/04\/aee75592-038c-4cce-bd87-9f08a77ac6f6-2-1024x710.jpg 1024w, https:\/\/elreporterohgo.com\/noticias\/wp-content\/uploads\/2022\/04\/aee75592-038c-4cce-bd87-9f08a77ac6f6-2-300x208.jpg 300w, https:\/\/elreporterohgo.com\/noticias\/wp-content\/uploads\/2022\/04\/aee75592-038c-4cce-bd87-9f08a77ac6f6-2-768x533.jpg 768w, https:\/\/elreporterohgo.com\/noticias\/wp-content\/uploads\/2022\/04\/aee75592-038c-4cce-bd87-9f08a77ac6f6-2.jpg 1509w\" sizes=\"(max-width: 1024px) 100vw, 1024px\" \/><\/figure>\n\n\n\n<figure class=\"wp-block-image\"><img decoding=\"async\" width=\"1013\" height=\"1024\" src=\"https::\/\/elreporterohgo.com\/noticias\/wp-content\/uploads\/2022\/04\/85d65ee9-af82-4b19-8675-3efea6f88b25-2-1013x1024.jpg\" alt=\"\" class=\"wp-image-48546\" srcset=\"https:\/\/elreporterohgo.com\/noticias\/wp-content\/uploads\/2022\/04\/85d65ee9-af82-4b19-8675-3efea6f88b25-2-1013x1024.jpg 1013w, https:\/\/elreporterohgo.com\/noticias\/wp-content\/uploads\/2022\/04\/85d65ee9-af82-4b19-8675-3efea6f88b25-2-297x300.jpg 297w, https:\/\/elreporterohgo.com\/noticias\/wp-content\/uploads\/2022\/04\/85d65ee9-af82-4b19-8675-3efea6f88b25-2-768x776.jpg 768w, https:\/\/elreporterohgo.com\/noticias\/wp-content\/uploads\/2022\/04\/85d65ee9-af82-4b19-8675-3efea6f88b25-2.jpg 1200w\" sizes=\"(max-width: 1013px) 100vw, 1013px\" \/><\/figure>\n\n\n\n<p>Se habla de varias personas sin vida<\/p>\n\n\n\n<p>Por Juan Sabino Cruz<\/p>\n\n\n\n<p>TULA DE ALLENDE, Hgo.- Esta ma\u00f1ana, dos grupos de\ntrabajadores de la cooperativa Cruz Azul se enfrentaron en una batalla campal,\nla zona qued\u00f3 como zona de guerra por la sangre derramada, al parecer varios\nhombres muertos y heridos.<\/p>\n\n\n\n<p>Hasta el momento se ha podido conocer que existen grupos que\nse disputan la planta, algunos fieles a Guillermo \u00c1lvarez Cuevas y sus\nadversarios que han demostrado la fraudulenta administraci\u00f3n del tambi\u00e9n llamado\n\u201cBilly \u00c1lvarez\u201d.<\/p>\n\n\n\n<p>Como se recordara, el seis de agosto del 2020, Guillermo \u00c1lvarez Cuevas\ndej\u00f3 la administraci\u00f3n de la <strong>Cooperativa\nCruz Azul<\/strong>&nbsp;y entr\u00f3 la nueva administraci\u00f3n. Desde\nentonces, han existido serios problemas y descalificaciones.<\/p>\n\n\n\n<p>Esos problemas subieron de nivel y, la ma\u00f1ana de hoy, al\nmomento de la entrada a trabajar, en autobuses llegaron los grupos en conflicto\npara enfrascarse en una encarnizada pelea que se convirti\u00f3 en un ba\u00f1o de\nsangre.<\/p>\n\n\n\n<p>Im\u00e1genes de algunos medios de comunicaci\u00f3n demuestran la\ngravedad del problema al exhibir cuerpos apilados, adem\u00e1s en forma extraoficial\nse habla de hasta siete muertos, unos en el lugar de los violentos hechos y\notros en el hospital, adem\u00e1s de aproximadamente una veintena de heridos.<\/p>\n\n\n\n<p>Tambi\u00e9n se exhiben carros incendiados, aun humeando se aprecian\nconvertidos en chatarra, sin embargo, pero nada s oficial.<\/p>\n\n\n\n<p>COMUNICADO DE SECRETARIA DE SEGURIDAD PUBLICA DE HIDALGO &nbsp;<\/p>\n\n\n\n<p>Tarjeta informativa<\/p>\n\n\n\n<p>En relaci\u00f3n a los hechos registrados en el municipio de\nTula, el Gobierno de Hidalgo, a trav\u00e9s de la Secretar\u00eda de Seguridad P\u00fablica,\ninforma:<\/p>\n\n\n\n<p>La ma\u00f1ana de este mi\u00e9rcoles, al 911 de Emergencias se\nnotificaron agresiones y disturbios entre dos grupos de personas en uno de los\naccesos a la planta industrial de la Ciudad Cooperativa Cruz Azul.<\/p>\n\n\n\n<p>Al sitio acudieron integrantes de instituciones de seguridad,\nprotecci\u00f3n civil y m\u00e9dicas para la atenci\u00f3n del incidente.<\/p>\n\n\n\n<p>Derivado de los hechos de violencia, fuerzas de seguridad\nresguardan la zona y autoridades de la Procuradur\u00eda General de Justicia de\nHidalgo lleva a cabo el procesamiento del lugar para determinar el n\u00famero de\npersonas fallecidas y lesionadas en traslado a cl\u00ednicas para su atenci\u00f3n.<\/p>\n\n\n\n<p>Asimismo, instalaciones y veh\u00edculos presentan da\u00f1os, que se documentan mediante las diligencias correspondientes.<\/p>\n\n\n\n<p>Pronunciamiento del gobernador:<br><br>Condeno en\u00e9rgicamente los violentos enfrentamientos ocurridos en la Cooperativa Cruz Azul en <a href=\"https:s:\/\/www.facebook.com\/hashtag\/tula?__eep__=6&amp;__cft__[0]=AZUxw25DwFnwhuy3ytTjzrQwSok9KoLDcsXK825MRjKX7qZD42jJEEN-zafUHpa5imVVkRUeJlHMOerrKAZ7uzBQ7OxM0di3zSxIGnN0mVP2-HbSo-yptJB_5P-VGw-oN7KnQfNOr-hCzS6a4S08-rBX&amp;__tn__=*NK-R\">#Tula<\/a>, que hasta el momento han dejado un saldo de 8 muertos, 11 heridos y 9 detenidos.La ma\u00f1ana de este mi\u00e9rcoles, al 911 de emergencias se notificaron agresiones y disturbios entre dos grupos de personas en uno de los accesos a la planta industrial de la Ciudad Cooperativa Cruz Azul.Al sitio acudieron integrantes de instituciones de seguridad, protecci\u00f3n civil y servicios m\u00e9dicos para la atenci\u00f3n del incidente.Derivado de los hechos de violencia fuerzas de seguridad resguardan la zona, autoridades de la <a href=\"https:s:\/\/www.facebook.com\/pgjeh?__cft__[0]=AZUxw25DwFnwhuy3ytTjzrQwSok9KoLDcsXK825MRjKX7qZD42jJEEN-zafUHpa5imVVkRUeJlHMOerrKAZ7uzBQ7OxM0di3zSxIGnN0mVP2-HbSo-yptJB_5P-VGw-oN7KnQfNOr-hCzS6a4S08-rBX&amp;__tn__=-]K-R\">Procuradur\u00eda General de Justicia del estado de Hidalgo<\/a> llevan a cabo el procesamiento del lugar para determinar el n\u00famero de personas fallecidas; las personas lesionadas han sido trasladadas a cl\u00ednicas para su atenci\u00f3n.He girado instrucciones a la <a href=\"https:s:\/\/www.facebook.com\/SegobHidalgoOficial\/?__cft__[0]=AZUxw25DwFnwhuy3ytTjzrQwSok9KoLDcsXK825MRjKX7qZD42jJEEN-zafUHpa5imVVkRUeJlHMOerrKAZ7uzBQ7OxM0di3zSxIGnN0mVP2-HbSo-yptJB_5P-VGw-oN7KnQfNOr-hCzS6a4S08-rBX&amp;__tn__=kK-R\">Secretar\u00eda de Gobierno del Estado de Hidalgo<\/a>, para que en coordinaci\u00f3n con la <a href=\"https:s:\/\/www.facebook.com\/pgjeh?__cft__[0]=AZUxw25DwFnwhuy3ytTjzrQwSok9KoLDcsXK825MRjKX7qZD42jJEEN-zafUHpa5imVVkRUeJlHMOerrKAZ7uzBQ7OxM0di3zSxIGnN0mVP2-HbSo-yptJB_5P-VGw-oN7KnQfNOr-hCzS6a4S08-rBX&amp;__tn__=-]K-R\">Procuradur\u00eda General de Justicia del estado de Hidalgo<\/a> adem\u00e1s de investigar estos hechos, se puedan impulsar mesas de di\u00e1logo entre las partes y evitar que se repitan hechos tan lamentables como este.<\/p>\n\n\n\n<p><br><\/p>\n","protected":false},"excerpt":{"rendered":"<p>Se habla de varias personas sin vida Por Juan Sabino Cruz TULA DE ALLENDE, Hgo.- Esta ma\u00f1ana, dos grupos de trabajadores de la cooperativa Cruz Azul se enfrentaron en una batalla campal, la zona qued\u00f3 como zona de guerra por la sangre derramada, al parecer varios hombres muertos y heridos. Hasta el momento se ha<\/p>\n","protected":false},"author":2,"featured_media":48545,"comment_status":"open","ping_status":"closed","sticky":false,"template":"","format":"standard","meta":{"footnotes":""},"categories":[10],"tags":[],"class_list":{"0":"post-48544","1":"post","2":"type-post","3":"status-publish","4":"format-standard","5":"has-post-thumbnail","7":"category-hidalgo"},"_links":{"self":[{"href":"https:\/\/elreporterohgo.com\/noticias\/wp-json\/wp\/v2\/posts\/48544","targetHints":{"allow":["GET"]}}],"collection":[{"href":"https:\/\/elreporterohgo.com\/noticias\/wp-json\/wp\/v2\/posts"}],"about":[{"href":"https:\/\/elreporterohgo.com\/noticias\/wp-json\/wp\/v2\/types\/post"}],"author":[{"embeddable":true,"href":"https:\/\/elreporterohgo.com\/noticias\/wp-json\/wp\/v2\/users\/2"}],"replies":[{"embeddable":true,"href":"https:\/\/elreporterohgo.com\/noticias\/wp-json\/wp\/v2\/comments?post=48544"}],"version-history":[{"count":3,"href":"https:\/\/elreporterohgo.com\/noticias\/wp-json\/wp\/v2\/posts\/48544\/revisions"}],"predecessor-version":[{"id":48553,"href":"https:\/\/elreporterohgo.com\/noticias\/wp-json\/wp\/v2\/posts\/48544\/revisions\/48553"}],"wp:featuredmedia":[{"embeddable":true,"href":"https:\/\/elreporterohgo.com\/noticias\/wp-json\/wp\/v2\/media\/48545"}],"wp:attachment":[{"href":"https:\/\/elreporterohgo.com\/noticias\/wp-json\/wp\/v2\/media?parent=48544"}],"wp:term":[{"taxonomy":"category","embeddable":true,"href":"https:\/\/elreporterohgo.com\/noticias\/wp-json\/wp\/v2\/categories?post=48544"},{"taxonomy":"post_tag","embeddable":true,"href":"https:\/\/elreporterohgo.com\/noticias\/wp-json\/wp\/v2\/tags?post=48544"}],"curies":[{"name":"wp","href":"https:\/\/api.w.org\/{rel}","templated":true}]}}