{"id":48531,"date":"2022-04-26T23:26:46","date_gmt":"2022-04-27T04:26:46","guid":{"rendered":"https:\/\/elreporterohgo.com\/noticias\/?p=48531"},"modified":"2022-04-26T23:26:47","modified_gmt":"2022-04-27T04:26:47","slug":"mexico-abrira-el-registro-de-vacunacion-contra-el-coronavirus-para-ninos-de-12-anos-en-adelante","status":"publish","type":"post","link":"https:\/\/elreporterohgo.com\/noticias\/2022\/04\/26\/mexico-abrira-el-registro-de-vacunacion-contra-el-coronavirus-para-ninos-de-12-anos-en-adelante\/","title":{"rendered":"M\u00e9xico abrir\u00e1 el registro de vacunaci\u00f3n contra el coronavirus para ni\u00f1os de 12 a\u00f1os en adelante"},"content":{"rendered":"\n<p>Hugo L\u00f3pez-Gatell anunci\u00f3 que la vacuna se aplicar\u00e1 de manera universal<\/p>\n\n\n\n<p>El subsecretario Hugo L\u00f3pez Gatell ha anunciado este martes el cese del sem\u00e1foro epidemiol\u00f3gico para medir la situaci\u00f3n sanitaria de la pandemia y ha recalcado que el cubrebocas nunca ha sido una medida obligatoria contra la covid-19.<\/p>\n\n\n\n<p>Con 292 casos contabilizados la \u00faltima semana, el subsecretario asegur\u00f3 que se entrar\u00e1 en una fase end\u00e9mica en la que aprenderemos a vivir con el virus pero no ser\u00e1 mortal, esto \u00faltimo gracias al alto grado de inmunidad poblacional en M\u00e9xico debido a la vacunaci\u00f3n. Hasta el momento se han aplicado cerca de 200 millones de vacunas en m\u00e1s de 85 millones de personas, es decir, el 87% de la poblaci\u00f3n elegible.<\/p>\n\n\n\n<p>Adem\u00e1s, anunci\u00f3 la apertura del registro para la vacunaci\u00f3n de ni\u00f1os a partir de los 12 a\u00f1os sin comorbilidades. El jueves 28 de abril el portal de MI Vacuna tendr\u00e1 la opci\u00f3n de registrar a los menores de manera universal.<\/p>\n\n\n\n<h3 class=\"wp-block-heading\">Qu\u00e9 vacuna podr\u00eda aplicarse<\/h3>\n\n\n\n<p>Hasta ahora se ha aplicado la vacuna Pfizer para ni\u00f1os en este rango de edad que padezcan alguna comorbilidad y en ni\u00f1os mayores de 15 a\u00f1os sin padecimientos preexistentes, por lo que se prev\u00e9 que pueda ser uno de los biol\u00f3gicos que se use para la pr\u00f3xima jornada de vacunaci\u00f3n.<\/p>\n\n\n\n<p>Por otro lado, en la conferencia del 19 de abril, L\u00f3pez-Gatell asegur\u00f3: \u201cno solo es Pfizer (&#8230;) la vacuna Abdala podr\u00eda ser una excelente opci\u00f3n, la vacuna Sinovac se ha utilizado en otros pa\u00edses tambi\u00e9n en estas recomendaciones, entonces seguimos en ese proceso, no cerrarnos solo a una y considerar la adquisici\u00f3n\u201d.<\/p>\n\n\n\n<h3 class=\"wp-block-heading\">\u00bfC\u00f3mo hacer el registro para la dosis de refuerzo?<\/h3>\n\n\n\n<p>Las personas que pertenezcan a este grupo poblacional deber\u00e1n entrar al portal&nbsp;<a href=\"https::\/\/mivacuna.salud.gob.mx\/\" target=\"_blank\" rel=\"noreferrer noopener\">mivacuna.salud.gob.mx<\/a>&nbsp;e introducir su CURP en la casilla correspondiente. Tendr\u00e1n que llenar datos como la entidad donde vive, municipio, tel\u00e9fono y correo personal.<\/p>\n\n\n\n<p>En el \u00faltimo paso se debe descargar el comprobante de registro que debe imprimirse para llevarlo el d\u00eda de la cita para la aplicaci\u00f3n del biol\u00f3gico.<\/p>\n\n\n\n<h3 class=\"wp-block-heading\">\u00bfQu\u00e9 papeles necesito el d\u00eda de mi cita?<\/h3>\n\n\n\n<p>Aunque todav\u00eda no se conocen las fechas para la aplicaci\u00f3n de la vacuna, cuando acudan a la cita los menores deber\u00e1n llevar el comprobante de registro, comprobante de domicilio y alguna identificaci\u00f3n oficial.<\/p>\n\n\n\n<figure class=\"wp-block-image\"><img fetchpriority=\"high\" decoding=\"async\" width=\"576\" height=\"1024\" src=\"https::\/\/elreporterohgo.com\/noticias\/wp-content\/uploads\/2022\/04\/regreso-a-clases-1-576x1024.jpg\" alt=\"\" class=\"wp-image-48532\" srcset=\"https:\/\/elreporterohgo.com\/noticias\/wp-content\/uploads\/2022\/04\/regreso-a-clases-1-576x1024.jpg 576w, https:\/\/elreporterohgo.com\/noticias\/wp-content\/uploads\/2022\/04\/regreso-a-clases-1-169x300.jpg 169w, https:\/\/elreporterohgo.com\/noticias\/wp-content\/uploads\/2022\/04\/regreso-a-clases-1-768x1366.jpg 768w, https:\/\/elreporterohgo.com\/noticias\/wp-content\/uploads\/2022\/04\/regreso-a-clases-1.jpg 1600w\" sizes=\"(max-width: 576px) 100vw, 576px\" \/><\/figure>\n","protected":false},"excerpt":{"rendered":"<p>Hugo L\u00f3pez-Gatell anunci\u00f3 que la vacuna se aplicar\u00e1 de manera universal El subsecretario Hugo L\u00f3pez Gatell ha anunciado este martes el cese del sem\u00e1foro epidemiol\u00f3gico para medir la situaci\u00f3n sanitaria de la pandemia y ha recalcado que el cubrebocas nunca ha sido una medida obligatoria contra la covid-19. Con 292 casos contabilizados la \u00faltima semana,<\/p>\n","protected":false},"author":2,"featured_media":48532,"comment_status":"open","ping_status":"closed","sticky":false,"template":"","format":"standard","meta":{"footnotes":""},"categories":[10],"tags":[],"class_list":{"0":"post-48531","1":"post","2":"type-post","3":"status-publish","4":"format-standard","5":"has-post-thumbnail","7":"category-hidalgo"},"_links":{"self":[{"href":"https:\/\/elreporterohgo.com\/noticias\/wp-json\/wp\/v2\/posts\/48531","targetHints":{"allow":["GET"]}}],"collection":[{"href":"https:\/\/elreporterohgo.com\/noticias\/wp-json\/wp\/v2\/posts"}],"about":[{"href":"https:\/\/elreporterohgo.com\/noticias\/wp-json\/wp\/v2\/types\/post"}],"author":[{"embeddable":true,"href":"https:\/\/elreporterohgo.com\/noticias\/wp-json\/wp\/v2\/users\/2"}],"replies":[{"embeddable":true,"href":"https:\/\/elreporterohgo.com\/noticias\/wp-json\/wp\/v2\/comments?post=48531"}],"version-history":[{"count":1,"href":"https:\/\/elreporterohgo.com\/noticias\/wp-json\/wp\/v2\/posts\/48531\/revisions"}],"predecessor-version":[{"id":48533,"href":"https:\/\/elreporterohgo.com\/noticias\/wp-json\/wp\/v2\/posts\/48531\/revisions\/48533"}],"wp:featuredmedia":[{"embeddable":true,"href":"https:\/\/elreporterohgo.com\/noticias\/wp-json\/wp\/v2\/media\/48532"}],"wp:attachment":[{"href":"https:\/\/elreporterohgo.com\/noticias\/wp-json\/wp\/v2\/media?parent=48531"}],"wp:term":[{"taxonomy":"category","embeddable":true,"href":"https:\/\/elreporterohgo.com\/noticias\/wp-json\/wp\/v2\/categories?post=48531"},{"taxonomy":"post_tag","embeddable":true,"href":"https:\/\/elreporterohgo.com\/noticias\/wp-json\/wp\/v2\/tags?post=48531"}],"curies":[{"name":"wp","href":"https:\/\/api.w.org\/{rel}","templated":true}]}}