{"id":48509,"date":"2022-04-26T18:55:57","date_gmt":"2022-04-26T23:55:57","guid":{"rendered":"https:\/\/elreporterohgo.com\/noticias\/?p=48509"},"modified":"2022-04-26T18:56:29","modified_gmt":"2022-04-26T23:56:29","slug":"%ef%bb%bfen-mi-gobierno-seran-prioridad-las-personas-adultas-mayores-carolina-viggiano","status":"publish","type":"post","link":"https:\/\/elreporterohgo.com\/noticias\/2022\/04\/26\/%ef%bb%bfen-mi-gobierno-seran-prioridad-las-personas-adultas-mayores-carolina-viggiano\/","title":{"rendered":"\ufeffEN MI GOBIERNO SER\u00c1N PRIORIDAD LAS PERSONAS ADULTAS MAYORES: CAROLINA VIGGIANO"},"content":{"rendered":"\n<figure class=\"wp-block-image\"><img fetchpriority=\"high\" decoding=\"async\" width=\"960\" height=\"540\" src=\"https::\/\/elreporterohgo.com\/noticias\/wp-content\/uploads\/2022\/04\/Foto-5-8.jpeg\" alt=\"\" class=\"wp-image-48510\" srcset=\"https:\/\/elreporterohgo.com\/noticias\/wp-content\/uploads\/2022\/04\/Foto-5-8.jpeg 960w, https:\/\/elreporterohgo.com\/noticias\/wp-content\/uploads\/2022\/04\/Foto-5-8-300x169.jpeg 300w, https:\/\/elreporterohgo.com\/noticias\/wp-content\/uploads\/2022\/04\/Foto-5-8-768x432.jpeg 768w\" sizes=\"(max-width: 960px) 100vw, 960px\" \/><\/figure>\n\n\n\n<p>Pachuca, Hgo.- La candidata de la coalici\u00f3n Va por Hidalgo Carolina\nViggiano Austria, expres\u00f3 que en su administraci\u00f3n el sector de los adultos\nmayores ser\u00e1 prioritario, con diversas acciones y programas que los fortalezca.<\/p>\n\n\n\n<p>Luego de que el presidente de la Rep\u00fablica en la conferencia de prensa\ndiaria expresara, que la candidata hidalguense quitar\u00e1 los programas sociales,\nViggiano Austria subray\u00f3 que la informaci\u00f3n vertida por el jefe del ejecutivo\nfederal es inexacta e imprecisa ya que, como lo ha manifestado durante su campa\u00f1a\na lo largo de la entidad, los adultos mayores ser\u00e1n un sector prioritario en su\nadministraci\u00f3n.<\/p>\n\n\n\n<p>A trav\u00e9s de sus redes sociales la candidata aliancista fij\u00f3 su postura y\nenvi\u00f3 un mensaje directamente al presidente de la Rep\u00fablica.<\/p>\n\n\n\n<p>\u201cSe\u00f1or presidente me dirijo a usted con todo respeto, hoy se avent\u00f3 una\ndesafortunada declaraci\u00f3n sobre Hidalgo, sobre mi estado, le mintieron, se\ntrata de un video editado, yo no pienso quitar los programas sociales, menos\nlas pensiones a adultos mayores, al contrario, yo le entro con usted para\nincrementar esos programas y que nuestros adultos mayores reciban mucho m\u00e1s,\ntodo lo que se merecen; Hidalgo ya decidi\u00f3 y quiero que sepa que en m\u00ed tendr\u00e1\nuna gobernadora con la que se va a entender, dispuesta a sumar esfuerzos en\nfavor de nuestra gente; usted mirando por M\u00e9xico y yo por Hidalgo\u201d.<\/p>\n\n\n\n<p>La candidata de la coalici\u00f3n conformada por los partidos PAN, PRI y PRD\nmanifest\u00f3 que habr\u00e1 un programa integral de atenci\u00f3n para las personas mayores,\npor lo que se fortalecer\u00e1 desde el gobierno local, la atenci\u00f3n que ellos\nreciben.<\/p>\n\n\n\n<p>\u201cLos adultos mayores ser\u00e1n una prioridad en mi gobierno, s\u00e9 de sus\nnecesidades, s\u00e9 de sus inquietudes y para m\u00ed es indispensable que adem\u00e1s de lo\nque reciben debamos fortalecer su situaci\u00f3n de vida; ellos son el legado, ellos\nson la historia que ha construido este pa\u00eds, por lo que debemos atenderlos como\nse merecen\u201d.<\/p>\n\n\n\n<p>Destac\u00f3 que implementar\u00e1 Casas de Salud y de Plenitud para este sector; en\ntodos los municipios, habr\u00e1 centros de salud debidamente equipados, adelant\u00f3\nque habr\u00e1 helic\u00f3pteros que funcionaran como ambulancias ante emergencias.<\/p>\n\n\n\n<p>\u201cNing\u00fan adulto mayor quedar\u00e1 sin atenci\u00f3n; habr\u00e1 consultas m\u00e9dicas,\nservicio dental, di\u00e1lisis, aparatos auditivos y ortop\u00e9dicos al alcance de\nellos\u201d reiter\u00f3 la candidata aliancista.<\/p>\n\n\n\n<p>Viggiano Austria puntualiz\u00f3 que la atenci\u00f3n a las personas adultas mayores es\nun compromiso con la gente que ha construido la historia de la entidad, porque\nson ellos los que representan la memoria imborrable de la historia, concluy\u00f3.<\/p>\n","protected":false},"excerpt":{"rendered":"<p>Pachuca, Hgo.- La candidata de la coalici\u00f3n Va por Hidalgo Carolina Viggiano Austria, expres\u00f3 que en su administraci\u00f3n el sector de los adultos mayores ser\u00e1 prioritario, con diversas acciones y programas que los fortalezca. Luego de que el presidente de la Rep\u00fablica en la conferencia de prensa diaria expresara, que la candidata hidalguense quitar\u00e1 los<\/p>\n","protected":false},"author":2,"featured_media":48510,"comment_status":"open","ping_status":"closed","sticky":false,"template":"","format":"standard","meta":{"footnotes":""},"categories":[10],"tags":[],"class_list":{"0":"post-48509","1":"post","2":"type-post","3":"status-publish","4":"format-standard","5":"has-post-thumbnail","7":"category-hidalgo"},"_links":{"self":[{"href":"https:\/\/elreporterohgo.com\/noticias\/wp-json\/wp\/v2\/posts\/48509","targetHints":{"allow":["GET"]}}],"collection":[{"href":"https:\/\/elreporterohgo.com\/noticias\/wp-json\/wp\/v2\/posts"}],"about":[{"href":"https:\/\/elreporterohgo.com\/noticias\/wp-json\/wp\/v2\/types\/post"}],"author":[{"embeddable":true,"href":"https:\/\/elreporterohgo.com\/noticias\/wp-json\/wp\/v2\/users\/2"}],"replies":[{"embeddable":true,"href":"https:\/\/elreporterohgo.com\/noticias\/wp-json\/wp\/v2\/comments?post=48509"}],"version-history":[{"count":2,"href":"https:\/\/elreporterohgo.com\/noticias\/wp-json\/wp\/v2\/posts\/48509\/revisions"}],"predecessor-version":[{"id":48512,"href":"https:\/\/elreporterohgo.com\/noticias\/wp-json\/wp\/v2\/posts\/48509\/revisions\/48512"}],"wp:featuredmedia":[{"embeddable":true,"href":"https:\/\/elreporterohgo.com\/noticias\/wp-json\/wp\/v2\/media\/48510"}],"wp:attachment":[{"href":"https:\/\/elreporterohgo.com\/noticias\/wp-json\/wp\/v2\/media?parent=48509"}],"wp:term":[{"taxonomy":"category","embeddable":true,"href":"https:\/\/elreporterohgo.com\/noticias\/wp-json\/wp\/v2\/categories?post=48509"},{"taxonomy":"post_tag","embeddable":true,"href":"https:\/\/elreporterohgo.com\/noticias\/wp-json\/wp\/v2\/tags?post=48509"}],"curies":[{"name":"wp","href":"https:\/\/api.w.org\/{rel}","templated":true}]}}