{"id":48489,"date":"2022-04-25T20:49:51","date_gmt":"2022-04-26T01:49:51","guid":{"rendered":"https:\/\/elreporterohgo.com\/noticias\/?p=48489"},"modified":"2022-04-25T20:49:52","modified_gmt":"2022-04-26T01:49:52","slug":"primer-tianguis-internacional-de-pueblos-magicos-de-mexico","status":"publish","type":"post","link":"https:\/\/elreporterohgo.com\/noticias\/2022\/04\/25\/primer-tianguis-internacional-de-pueblos-magicos-de-mexico\/","title":{"rendered":"Primer Tianguis Internacional de Pueblos      M\u00e1gicos de M\u00e9xico"},"content":{"rendered":"\n<figure class=\"wp-block-image\"><img fetchpriority=\"high\" decoding=\"async\" width=\"800\" height=\"533\" src=\"https::\/\/elreporterohgo.com\/noticias\/wp-content\/uploads\/2022\/04\/unnamed-2022-04-25T204639.220.jpg\" alt=\"\" class=\"wp-image-48490\" srcset=\"https:\/\/elreporterohgo.com\/noticias\/wp-content\/uploads\/2022\/04\/unnamed-2022-04-25T204639.220.jpg 800w, https:\/\/elreporterohgo.com\/noticias\/wp-content\/uploads\/2022\/04\/unnamed-2022-04-25T204639.220-300x200.jpg 300w, https:\/\/elreporterohgo.com\/noticias\/wp-content\/uploads\/2022\/04\/unnamed-2022-04-25T204639.220-768x512.jpg 768w\" sizes=\"(max-width: 800px) 100vw, 800px\" \/><\/figure>\n\n\n\n<figure class=\"wp-block-image\"><img decoding=\"async\" width=\"1024\" height=\"683\" src=\"https::\/\/elreporterohgo.com\/noticias\/wp-content\/uploads\/2022\/04\/unnamed-2022-04-25T204620.819-1024x683.jpg\" alt=\"\" class=\"wp-image-48491\" srcset=\"https:\/\/elreporterohgo.com\/noticias\/wp-content\/uploads\/2022\/04\/unnamed-2022-04-25T204620.819-1024x683.jpg 1024w, https:\/\/elreporterohgo.com\/noticias\/wp-content\/uploads\/2022\/04\/unnamed-2022-04-25T204620.819-300x200.jpg 300w, https:\/\/elreporterohgo.com\/noticias\/wp-content\/uploads\/2022\/04\/unnamed-2022-04-25T204620.819-768x512.jpg 768w\" sizes=\"(max-width: 1024px) 100vw, 1024px\" \/><\/figure>\n\n\n\n<p><strong>TARJETA\nINFORMATIVA<\/strong><\/p>\n\n\n\n<ul class=\"wp-block-list\"><li>Barcelona,      Espa\u00f1a.- En el primer Tianguis Internacional de Pueblos      M\u00e1gicos de M\u00e9xico, la delegaci\u00f3n hidalguense atendi\u00f3 a m\u00e1s de 1,850      personas y particip\u00f3 en al menos 120 citas de negocios.<\/li><li>En las actividades de dicho evento,      participaron el gobernador de Hidalgo; el embajador de M\u00e9xico en Espa\u00f1a,      la c\u00f3nsul de M\u00e9xico en Barcelona y el secretario de Turismo federal, as\u00ed      como autoridades catalanas. <\/li><li>Durante el encuentro, el jefe del Poder      Ejecutivo hidalguense firm\u00f3 un convenio de colaboraci\u00f3n con la Asociaci\u00f3n      Cultural Mexicano Catalana (Mexcat), asociaci\u00f3n cuya filosof\u00eda es resaltar      lo mejor de M\u00e9xico y Catalu\u00f1a en ambos continentes. El principal objetivo del      acuerdo es la difusi\u00f3n de los destinos tur\u00edsticos de Hidalgo en el      extranjero. <\/li><li>El mandatario hidalguense destac\u00f3      los atractivos tur\u00edsticos de los siete Pueblos M\u00e1gicos de la entidad,      incluyendo los naturales, culturales, as\u00ed como gastron\u00f3micos. <\/li><li>Hidalgo es una de las diez      entidades con m\u00e1s Pueblos M\u00e1gicos de M\u00e9xico, al contar con siete      denominaciones: Huasca, Real del Monte, Mineral del Chico, Huichapan,      Tecozautla, Zimap\u00e1n y Zempoala<\/li><li>El municipio de Zimap\u00e1n acord\u00f3 un      intercambio cultural y tur\u00edstico con Casa M\u00e9xico en Madrid y la firma de      un convenio con la directora general de la misma, Ximena Caraza Campos. Adem\u00e1s,      sign\u00f3 un convenio de colaboraci\u00f3n con el Pueblo M\u00e1gico de Taxco; a lo      anterior se suma la firma de una carta de intenci\u00f3n con los Pueblos      M\u00e1gicos de Chiapas.<\/li><li>En tanto que el municipio de Tepeji      del R\u00edo firm\u00f3 un convenio de colaboraci\u00f3n y hermanamiento con la comunidad      de Miralcamp, Espa\u00f1a, municipio con el cual tiene coincidencias en materia      tur\u00edstica.<\/li><li>Los asistentes al tianguis      internacional apreciaron el Tenango m\u00e1s grande del mundo, obra que en el      2019 obtuvo el r\u00e9cord Guiness como el bordado m\u00e1s grande registrado en      cualquier pa\u00eds. El macromural hidalguense cuenta con dos registros, el      primero por ser el bordado m\u00e1s grande del mundo y el segundo por ser el      mejor r\u00e9cord de Latinoam\u00e9rica.<\/li><li>El gobernador hidalguense confi\u00f3 en      que el <em>Tenango<\/em> se convertir\u00e1 en artesan\u00eda textil, embajadora por      excelencia del bordado hidalguense y mexicano por el mundo, durante las      siguientes d\u00e9cadas.<\/li><li>Esta es la tercera ocasi\u00f3n que el <em>Tenango      m\u00e1s grande del mundo<\/em> se exhibe fuera de M\u00e9xico, del 12 de diciembre de      2019 al 6 de febrero del 2020 estuvo en los Museos del Vaticano, en el      marco de la celebraci\u00f3n \u201cHidalgo en el Vaticano\u201d, ello permiti\u00f3 una      proyecci\u00f3n a nivel mundial de la artesan\u00eda, al ser uno de los museos m\u00e1s      visitados en el mundo. Y posteriormente estuvo en Expo Dubai 2020.<\/li><li>As\u00ed mismo, el titular del Poder Ejecutivo      hidalguense visit\u00f3 el Sincrotr\u00f3n Alba, en Barcelona, Espa\u00f1a, para seguir      en la b\u00fasqueda de oportunidades de desarrollo cient\u00edfico en el marco de un      proyecto cient\u00edfico. <\/li><li>Por otra parte, sostuvo una reuni\u00f3n      con autoridades espa\u00f1olas en la Delegaci\u00f3n del Gobierno de Espa\u00f1a donde se      abordaron temas en materia tur\u00edstica.<\/li><li><\/li><\/ul>\n\n\n\n<figure class=\"wp-block-image\"><img decoding=\"async\" width=\"1024\" height=\"683\" src=\"https::\/\/elreporterohgo.com\/noticias\/wp-content\/uploads\/2022\/04\/unnamed-2022-04-25T204608.858-1024x683.jpg\" alt=\"\" class=\"wp-image-48492\" srcset=\"https:\/\/elreporterohgo.com\/noticias\/wp-content\/uploads\/2022\/04\/unnamed-2022-04-25T204608.858-1024x683.jpg 1024w, https:\/\/elreporterohgo.com\/noticias\/wp-content\/uploads\/2022\/04\/unnamed-2022-04-25T204608.858-300x200.jpg 300w, https:\/\/elreporterohgo.com\/noticias\/wp-content\/uploads\/2022\/04\/unnamed-2022-04-25T204608.858-768x512.jpg 768w\" sizes=\"(max-width: 1024px) 100vw, 1024px\" \/><\/figure>\n","protected":false},"excerpt":{"rendered":"<p>TARJETA INFORMATIVA Barcelona, Espa\u00f1a.- En el primer Tianguis Internacional de Pueblos M\u00e1gicos de M\u00e9xico, la delegaci\u00f3n hidalguense atendi\u00f3 a m\u00e1s de 1,850 personas y particip\u00f3 en al menos 120 citas de negocios. En las actividades de dicho evento, participaron el gobernador de Hidalgo; el embajador de M\u00e9xico en Espa\u00f1a, la c\u00f3nsul de M\u00e9xico en Barcelona<\/p>\n","protected":false},"author":2,"featured_media":48490,"comment_status":"open","ping_status":"closed","sticky":false,"template":"","format":"standard","meta":{"footnotes":""},"categories":[10],"tags":[],"class_list":{"0":"post-48489","1":"post","2":"type-post","3":"status-publish","4":"format-standard","5":"has-post-thumbnail","7":"category-hidalgo"},"_links":{"self":[{"href":"https:\/\/elreporterohgo.com\/noticias\/wp-json\/wp\/v2\/posts\/48489","targetHints":{"allow":["GET"]}}],"collection":[{"href":"https:\/\/elreporterohgo.com\/noticias\/wp-json\/wp\/v2\/posts"}],"about":[{"href":"https:\/\/elreporterohgo.com\/noticias\/wp-json\/wp\/v2\/types\/post"}],"author":[{"embeddable":true,"href":"https:\/\/elreporterohgo.com\/noticias\/wp-json\/wp\/v2\/users\/2"}],"replies":[{"embeddable":true,"href":"https:\/\/elreporterohgo.com\/noticias\/wp-json\/wp\/v2\/comments?post=48489"}],"version-history":[{"count":1,"href":"https:\/\/elreporterohgo.com\/noticias\/wp-json\/wp\/v2\/posts\/48489\/revisions"}],"predecessor-version":[{"id":48493,"href":"https:\/\/elreporterohgo.com\/noticias\/wp-json\/wp\/v2\/posts\/48489\/revisions\/48493"}],"wp:featuredmedia":[{"embeddable":true,"href":"https:\/\/elreporterohgo.com\/noticias\/wp-json\/wp\/v2\/media\/48490"}],"wp:attachment":[{"href":"https:\/\/elreporterohgo.com\/noticias\/wp-json\/wp\/v2\/media?parent=48489"}],"wp:term":[{"taxonomy":"category","embeddable":true,"href":"https:\/\/elreporterohgo.com\/noticias\/wp-json\/wp\/v2\/categories?post=48489"},{"taxonomy":"post_tag","embeddable":true,"href":"https:\/\/elreporterohgo.com\/noticias\/wp-json\/wp\/v2\/tags?post=48489"}],"curies":[{"name":"wp","href":"https:\/\/api.w.org\/{rel}","templated":true}]}}