{"id":48473,"date":"2022-04-24T23:36:10","date_gmt":"2022-04-25T04:36:10","guid":{"rendered":"https:\/\/elreporterohgo.com\/noticias\/?p=48473"},"modified":"2022-04-24T23:36:11","modified_gmt":"2022-04-25T04:36:11","slug":"campana-intensiva-de-vacunacion-contra-la-covid-19","status":"publish","type":"post","link":"https:\/\/elreporterohgo.com\/noticias\/2022\/04\/24\/campana-intensiva-de-vacunacion-contra-la-covid-19\/","title":{"rendered":"Campa\u00f1a intensiva de vacunaci\u00f3n contra la COVID 19"},"content":{"rendered":"\n<p>Si tienes m\u00e1s de 18 a\u00f1os y no te has vacunado contra la <a href=\"https:s:\/\/twitter.com\/hashtag\/Covid?src=hashtag_click\">#Covid<\/a>-19 o te falta alguna dosis, acude a las sedes permanentes que se ubican en los centros de salud de tu municipio. S\u00f3lo lleva una identificaci\u00f3n oficial y expediente de vacunaci\u00f3n. <a href=\"https:s:\/\/twitter.com\/hashtag\/Prot%C3%A9gete?src=hashtag_click\">#Prot\u00e9gete<\/a> y salva tu vida. <\/p>\n\n\n\n<figure class=\"wp-block-image\"><img fetchpriority=\"high\" decoding=\"async\" width=\"1024\" height=\"1024\" src=\"https::\/\/elreporterohgo.com\/noticias\/wp-content\/uploads\/2022\/04\/vacuna-1-1024x1024.jpg\" alt=\"\" class=\"wp-image-48474\" srcset=\"https:\/\/elreporterohgo.com\/noticias\/wp-content\/uploads\/2022\/04\/vacuna-1-1024x1024.jpg 1024w, https:\/\/elreporterohgo.com\/noticias\/wp-content\/uploads\/2022\/04\/vacuna-1-150x150.jpg 150w, https:\/\/elreporterohgo.com\/noticias\/wp-content\/uploads\/2022\/04\/vacuna-1-300x300.jpg 300w, https:\/\/elreporterohgo.com\/noticias\/wp-content\/uploads\/2022\/04\/vacuna-1-768x768.jpg 768w, https:\/\/elreporterohgo.com\/noticias\/wp-content\/uploads\/2022\/04\/vacuna-1-160x160.jpg 160w, https:\/\/elreporterohgo.com\/noticias\/wp-content\/uploads\/2022\/04\/vacuna-1.jpg 1218w\" sizes=\"(max-width: 1024px) 100vw, 1024px\" \/><\/figure>\n","protected":false},"excerpt":{"rendered":"<p>Si tienes m\u00e1s de 18 a\u00f1os y no te has vacunado contra la #Covid-19 o te falta alguna dosis, acude a las sedes permanentes que se ubican en los centros de salud de tu municipio. S\u00f3lo lleva una identificaci\u00f3n oficial y expediente de vacunaci\u00f3n. #Prot\u00e9gete y salva tu vida.<\/p>\n","protected":false},"author":2,"featured_media":48474,"comment_status":"open","ping_status":"closed","sticky":false,"template":"","format":"standard","meta":{"footnotes":""},"categories":[10],"tags":[],"class_list":{"0":"post-48473","1":"post","2":"type-post","3":"status-publish","4":"format-standard","5":"has-post-thumbnail","7":"category-hidalgo"},"_links":{"self":[{"href":"https:\/\/elreporterohgo.com\/noticias\/wp-json\/wp\/v2\/posts\/48473","targetHints":{"allow":["GET"]}}],"collection":[{"href":"https:\/\/elreporterohgo.com\/noticias\/wp-json\/wp\/v2\/posts"}],"about":[{"href":"https:\/\/elreporterohgo.com\/noticias\/wp-json\/wp\/v2\/types\/post"}],"author":[{"embeddable":true,"href":"https:\/\/elreporterohgo.com\/noticias\/wp-json\/wp\/v2\/users\/2"}],"replies":[{"embeddable":true,"href":"https:\/\/elreporterohgo.com\/noticias\/wp-json\/wp\/v2\/comments?post=48473"}],"version-history":[{"count":1,"href":"https:\/\/elreporterohgo.com\/noticias\/wp-json\/wp\/v2\/posts\/48473\/revisions"}],"predecessor-version":[{"id":48475,"href":"https:\/\/elreporterohgo.com\/noticias\/wp-json\/wp\/v2\/posts\/48473\/revisions\/48475"}],"wp:featuredmedia":[{"embeddable":true,"href":"https:\/\/elreporterohgo.com\/noticias\/wp-json\/wp\/v2\/media\/48474"}],"wp:attachment":[{"href":"https:\/\/elreporterohgo.com\/noticias\/wp-json\/wp\/v2\/media?parent=48473"}],"wp:term":[{"taxonomy":"category","embeddable":true,"href":"https:\/\/elreporterohgo.com\/noticias\/wp-json\/wp\/v2\/categories?post=48473"},{"taxonomy":"post_tag","embeddable":true,"href":"https:\/\/elreporterohgo.com\/noticias\/wp-json\/wp\/v2\/tags?post=48473"}],"curies":[{"name":"wp","href":"https:\/\/api.w.org\/{rel}","templated":true}]}}