{"id":48469,"date":"2022-04-24T23:03:19","date_gmt":"2022-04-25T04:03:19","guid":{"rendered":"https:\/\/elreporterohgo.com\/noticias\/?p=48469"},"modified":"2022-04-24T23:03:20","modified_gmt":"2022-04-25T04:03:20","slug":"metzquititlan-se-suma-al-proyecto-transformador-de-julio-menchaca","status":"publish","type":"post","link":"https:\/\/elreporterohgo.com\/noticias\/2022\/04\/24\/metzquititlan-se-suma-al-proyecto-transformador-de-julio-menchaca\/","title":{"rendered":"Metzquititl\u00e1n se suma al proyecto transformador de Julio Menchaca"},"content":{"rendered":"\n<figure class=\"wp-block-image\"><img fetchpriority=\"high\" decoding=\"async\" width=\"1024\" height=\"612\" src=\"https::\/\/elreporterohgo.com\/noticias\/wp-content\/uploads\/2022\/04\/70cd3f9b-58fe-41b8-bcf1-a765f313045b-1024x612.jpg\" alt=\"\" class=\"wp-image-48470\" srcset=\"https:\/\/elreporterohgo.com\/noticias\/wp-content\/uploads\/2022\/04\/70cd3f9b-58fe-41b8-bcf1-a765f313045b-1024x612.jpg 1024w, https:\/\/elreporterohgo.com\/noticias\/wp-content\/uploads\/2022\/04\/70cd3f9b-58fe-41b8-bcf1-a765f313045b-300x179.jpg 300w, https:\/\/elreporterohgo.com\/noticias\/wp-content\/uploads\/2022\/04\/70cd3f9b-58fe-41b8-bcf1-a765f313045b-768x459.jpg 768w, https:\/\/elreporterohgo.com\/noticias\/wp-content\/uploads\/2022\/04\/70cd3f9b-58fe-41b8-bcf1-a765f313045b-600x360.jpg 600w, https:\/\/elreporterohgo.com\/noticias\/wp-content\/uploads\/2022\/04\/70cd3f9b-58fe-41b8-bcf1-a765f313045b.jpg 1280w\" sizes=\"(max-width: 1024px) 100vw, 1024px\" \/><\/figure>\n\n\n\n<p>En San Agust\u00edn Metzquititl\u00e1n, militantes y simpatizantes de Morena, Partido Nueva Alianza Hidalgo (PNAH) y Partido del Trabajo (PT), se sumaron al proyecto transformador que encabeza el candidato com\u00fan de \u201cJuntos Hacemos Historia\u201d, Julio Menchaca Salazar.<\/p>\n\n\n\n<p>Durante su acto proselitista en este municipio\nde la Sierra Baja hidalguense, el aspirante a gobernador enarbol\u00f3 el compromiso\nde las mujeres y hombres de Hidalgo que est\u00e1 presente en el proyecto que\nencabeza, \u201cporque estamos convencidos de que en nuestras manos est\u00e1 nuestro\npresente y est\u00e1 nuestro futuro\u201d.<\/p>\n\n\n\n<p>Asegur\u00f3 que nadie va a venir a remediar los\nmales de la entidad, sino que lo har\u00e1n las y los hidalguenses con honestidad,\nausteridad, atendiendo a los sectores m\u00e1s vulnerables, destinando el dinero\ndonde se necesita e inhibiendo el enriquecimiento de unos pocos a costa del\nempobrecimiento de muchos.<\/p>\n\n\n\n<p>Julio Menchaca sostuvo que el movimiento que\nabandera, brinda la oportunidad de unir el trabajo de todas y todos para\naterrizar la transformaci\u00f3n en Hidalgo, y as\u00ed hacer posibles los sue\u00f1os y las\naspiraciones de la gente que a diario debe enfrentar la pobreza, la falta de\noportunidades y el problema de la migraci\u00f3n.<\/p>\n\n\n\n<p>Finalmente, afirm\u00f3 que en su mandato, Hidalgo\nsaldr\u00e1 del atraso y dejar\u00e1 de ser de los estados m\u00e1s pobres del pa\u00eds, mediante\nel combate a la corrupci\u00f3n, exigiendo resultados, teniendo un gobierno digno,\ncon las mejores mujeres y hombres, los mejores proyectos y el respaldo del\ngobierno federal.<\/p>\n\n\n\n<p>En esta actividad proselitista, Julio Menchaca\nestuvo acompa\u00f1ado por su esposa, Edda Vite Ramos; los senadores C\u00e9sar Cravioto\nRomero, Eduardo Ram\u00edrez Aguilar y Arturo Bours Griffith; la diputada federal\nSimey Olvera Bautista, la diputada local Lisset Marcelino Tovar; la presidenta\ndel Comit\u00e9 Ejecutivo Estatal de Morena Sandra Alicia Ord\u00f3\u00f1ez, el presidente del\nComit\u00e9 Ejecutivo Estatal del PNAH Sergio Hern\u00e1ndez Hern\u00e1ndez y el morenista\nAntonio Attolini.<\/p>\n","protected":false},"excerpt":{"rendered":"<p>En San Agust\u00edn Metzquititl\u00e1n, militantes y simpatizantes de Morena, Partido Nueva Alianza Hidalgo (PNAH) y Partido del Trabajo (PT), se sumaron al proyecto transformador que encabeza el candidato com\u00fan de \u201cJuntos Hacemos Historia\u201d, Julio Menchaca Salazar. Durante su acto proselitista en este municipio de la Sierra Baja hidalguense, el aspirante a gobernador enarbol\u00f3 el compromiso<\/p>\n","protected":false},"author":2,"featured_media":48470,"comment_status":"open","ping_status":"closed","sticky":false,"template":"","format":"standard","meta":{"footnotes":""},"categories":[10],"tags":[],"class_list":{"0":"post-48469","1":"post","2":"type-post","3":"status-publish","4":"format-standard","5":"has-post-thumbnail","7":"category-hidalgo"},"_links":{"self":[{"href":"https:\/\/elreporterohgo.com\/noticias\/wp-json\/wp\/v2\/posts\/48469","targetHints":{"allow":["GET"]}}],"collection":[{"href":"https:\/\/elreporterohgo.com\/noticias\/wp-json\/wp\/v2\/posts"}],"about":[{"href":"https:\/\/elreporterohgo.com\/noticias\/wp-json\/wp\/v2\/types\/post"}],"author":[{"embeddable":true,"href":"https:\/\/elreporterohgo.com\/noticias\/wp-json\/wp\/v2\/users\/2"}],"replies":[{"embeddable":true,"href":"https:\/\/elreporterohgo.com\/noticias\/wp-json\/wp\/v2\/comments?post=48469"}],"version-history":[{"count":1,"href":"https:\/\/elreporterohgo.com\/noticias\/wp-json\/wp\/v2\/posts\/48469\/revisions"}],"predecessor-version":[{"id":48471,"href":"https:\/\/elreporterohgo.com\/noticias\/wp-json\/wp\/v2\/posts\/48469\/revisions\/48471"}],"wp:featuredmedia":[{"embeddable":true,"href":"https:\/\/elreporterohgo.com\/noticias\/wp-json\/wp\/v2\/media\/48470"}],"wp:attachment":[{"href":"https:\/\/elreporterohgo.com\/noticias\/wp-json\/wp\/v2\/media?parent=48469"}],"wp:term":[{"taxonomy":"category","embeddable":true,"href":"https:\/\/elreporterohgo.com\/noticias\/wp-json\/wp\/v2\/categories?post=48469"},{"taxonomy":"post_tag","embeddable":true,"href":"https:\/\/elreporterohgo.com\/noticias\/wp-json\/wp\/v2\/tags?post=48469"}],"curies":[{"name":"wp","href":"https:\/\/api.w.org\/{rel}","templated":true}]}}