{"id":48456,"date":"2022-04-24T19:50:04","date_gmt":"2022-04-25T00:50:04","guid":{"rendered":"https:\/\/elreporterohgo.com\/noticias\/?p=48456"},"modified":"2022-04-24T19:50:06","modified_gmt":"2022-04-25T00:50:06","slug":"aparatosa-carambola-vehicular-2","status":"publish","type":"post","link":"https:\/\/elreporterohgo.com\/noticias\/2022\/04\/24\/aparatosa-carambola-vehicular-2\/","title":{"rendered":"Aparatosa \u201ccarambola\u201d vehicular"},"content":{"rendered":"\n<figure class=\"wp-block-image\"><img fetchpriority=\"high\" decoding=\"async\" width=\"1024\" height=\"768\" src=\"https::\/\/elreporterohgo.com\/noticias\/wp-content\/uploads\/2022\/04\/76610252-3b5d-4917-aa56-86c5140a5358-1024x768.jpg\" alt=\"\" class=\"wp-image-48457\" srcset=\"https:\/\/elreporterohgo.com\/noticias\/wp-content\/uploads\/2022\/04\/76610252-3b5d-4917-aa56-86c5140a5358-1024x768.jpg 1024w, https:\/\/elreporterohgo.com\/noticias\/wp-content\/uploads\/2022\/04\/76610252-3b5d-4917-aa56-86c5140a5358-300x225.jpg 300w, https:\/\/elreporterohgo.com\/noticias\/wp-content\/uploads\/2022\/04\/76610252-3b5d-4917-aa56-86c5140a5358-768x576.jpg 768w, https:\/\/elreporterohgo.com\/noticias\/wp-content\/uploads\/2022\/04\/76610252-3b5d-4917-aa56-86c5140a5358.jpg 1280w\" sizes=\"(max-width: 1024px) 100vw, 1024px\" \/><\/figure>\n\n\n\n<figure class=\"wp-block-image\"><img decoding=\"async\" width=\"1024\" height=\"768\" src=\"https::\/\/elreporterohgo.com\/noticias\/wp-content\/uploads\/2022\/04\/5eb336c0-5da8-4951-81f8-f96a705a1523-1024x768.jpg\" alt=\"\" class=\"wp-image-48458\" srcset=\"https:\/\/elreporterohgo.com\/noticias\/wp-content\/uploads\/2022\/04\/5eb336c0-5da8-4951-81f8-f96a705a1523-1024x768.jpg 1024w, https:\/\/elreporterohgo.com\/noticias\/wp-content\/uploads\/2022\/04\/5eb336c0-5da8-4951-81f8-f96a705a1523-300x225.jpg 300w, https:\/\/elreporterohgo.com\/noticias\/wp-content\/uploads\/2022\/04\/5eb336c0-5da8-4951-81f8-f96a705a1523-768x576.jpg 768w, https:\/\/elreporterohgo.com\/noticias\/wp-content\/uploads\/2022\/04\/5eb336c0-5da8-4951-81f8-f96a705a1523.jpg 1280w\" sizes=\"(max-width: 1024px) 100vw, 1024px\" \/><\/figure>\n\n\n\n<p>Todo quedo en elevados da\u00f1os materiales<\/p>\n\n\n\n<p>Por Juan Sabino Cruz<\/p>\n\n\n\n<p>Tepeapulco, Hgo.- Elevados da\u00f1os materiales dej\u00f3 aparatosa \u201ccarambola\u201d\nvehicular registrada esta tarde, en el entronque de la carretera Tepeapulco-Santo\nTom\u00e1s y el libramiento que une con la autopista federal costa Ciudad\nSahag\u00fan-Pachuca.<\/p>\n\n\n\n<p>Aproximadamente a las &nbsp;15:37 horas de este domingo, se dio la voz de\nalerta sobre un hecho de tr\u00e1nsito en el referido tramo carretero.<\/p>\n\n\n\n<p>Oficiales de la Secretar\u00eda de Seguridad P\u00fablica y Tr\u00e1nsito Municipal\nde Tepeapulco se trasladaron al lugar donde encuentran tres veh\u00edculos que\nparticiparon en un choque m\u00faltiple.<\/p>\n\n\n\n<p>Como veh\u00edculo n\u00famero uno qued\u00f3 establecido un Volkswagen&nbsp; Golf, modelo 1989, color gris, placas de\ncirculaci\u00f3n del Estado de M\u00e9xico, conducido por Jos\u00e9 \u201cN\u201d, de 29 a\u00f1os, vecino Bella\nVista, municipio de Tlanalapa.<\/p>\n\n\n\n<p>El veh\u00edculo n\u00famero dos es un Volkswagen&nbsp; Bora, color negro, placas de Hidalgo,\nconducido por Andr\u00e9s \u201cN\u201d, radicado en la colonia Vicente Guerrero, en el\nmunicipio de Apan.<\/p>\n\n\n\n<p>El tercer autom\u00f3vil participante es un Volkswagen Jetta, modelo\n2014,&nbsp; color gris, placas de Hidalgo, tripulado\npor Jos\u00e9 M\u00e1ximo \u201cN\u201d, de 63 a\u00f1os, vecino de la comunidad de Irolo, municipio de Tepeapulco.<\/p>\n\n\n\n<p>Por fortuna no hubo heridos, tampoco vidas que lamentar,\ntodo qued\u00f3 en da\u00f10os materiales.<\/p>\n","protected":false},"excerpt":{"rendered":"<p>Todo quedo en elevados da\u00f1os materiales Por Juan Sabino Cruz Tepeapulco, Hgo.- Elevados da\u00f1os materiales dej\u00f3 aparatosa \u201ccarambola\u201d vehicular registrada esta tarde, en el entronque de la carretera Tepeapulco-Santo Tom\u00e1s y el libramiento que une con la autopista federal costa Ciudad Sahag\u00fan-Pachuca. Aproximadamente a las &nbsp;15:37 horas de este domingo, se dio la voz de<\/p>\n","protected":false},"author":2,"featured_media":48457,"comment_status":"open","ping_status":"closed","sticky":false,"template":"","format":"standard","meta":{"footnotes":""},"categories":[10],"tags":[],"class_list":{"0":"post-48456","1":"post","2":"type-post","3":"status-publish","4":"format-standard","5":"has-post-thumbnail","7":"category-hidalgo"},"_links":{"self":[{"href":"https:\/\/elreporterohgo.com\/noticias\/wp-json\/wp\/v2\/posts\/48456","targetHints":{"allow":["GET"]}}],"collection":[{"href":"https:\/\/elreporterohgo.com\/noticias\/wp-json\/wp\/v2\/posts"}],"about":[{"href":"https:\/\/elreporterohgo.com\/noticias\/wp-json\/wp\/v2\/types\/post"}],"author":[{"embeddable":true,"href":"https:\/\/elreporterohgo.com\/noticias\/wp-json\/wp\/v2\/users\/2"}],"replies":[{"embeddable":true,"href":"https:\/\/elreporterohgo.com\/noticias\/wp-json\/wp\/v2\/comments?post=48456"}],"version-history":[{"count":1,"href":"https:\/\/elreporterohgo.com\/noticias\/wp-json\/wp\/v2\/posts\/48456\/revisions"}],"predecessor-version":[{"id":48459,"href":"https:\/\/elreporterohgo.com\/noticias\/wp-json\/wp\/v2\/posts\/48456\/revisions\/48459"}],"wp:featuredmedia":[{"embeddable":true,"href":"https:\/\/elreporterohgo.com\/noticias\/wp-json\/wp\/v2\/media\/48457"}],"wp:attachment":[{"href":"https:\/\/elreporterohgo.com\/noticias\/wp-json\/wp\/v2\/media?parent=48456"}],"wp:term":[{"taxonomy":"category","embeddable":true,"href":"https:\/\/elreporterohgo.com\/noticias\/wp-json\/wp\/v2\/categories?post=48456"},{"taxonomy":"post_tag","embeddable":true,"href":"https:\/\/elreporterohgo.com\/noticias\/wp-json\/wp\/v2\/tags?post=48456"}],"curies":[{"name":"wp","href":"https:\/\/api.w.org\/{rel}","templated":true}]}}