{"id":48441,"date":"2022-04-23T13:51:14","date_gmt":"2022-04-23T18:51:14","guid":{"rendered":"https:\/\/elreporterohgo.com\/noticias\/?p=48441"},"modified":"2022-04-23T13:53:06","modified_gmt":"2022-04-23T18:53:06","slug":"alarma-por-incendio-en-el-penal-de-tula","status":"publish","type":"post","link":"https:\/\/elreporterohgo.com\/noticias\/2022\/04\/23\/alarma-por-incendio-en-el-penal-de-tula\/","title":{"rendered":"Alarma por incendio en el penal de Tula"},"content":{"rendered":"\n<figure class=\"wp-block-image\"><img fetchpriority=\"high\" decoding=\"async\" width=\"950\" height=\"703\" src=\"https::\/\/elreporterohgo.com\/noticias\/wp-content\/uploads\/2022\/04\/57416a02-52b4-4fac-a0df-80f204da69bd-2.jpg\" alt=\"\" class=\"wp-image-48442\" srcset=\"https:\/\/elreporterohgo.com\/noticias\/wp-content\/uploads\/2022\/04\/57416a02-52b4-4fac-a0df-80f204da69bd-2.jpg 950w, https:\/\/elreporterohgo.com\/noticias\/wp-content\/uploads\/2022\/04\/57416a02-52b4-4fac-a0df-80f204da69bd-2-300x222.jpg 300w, https:\/\/elreporterohgo.com\/noticias\/wp-content\/uploads\/2022\/04\/57416a02-52b4-4fac-a0df-80f204da69bd-2-768x568.jpg 768w\" sizes=\"(max-width: 950px) 100vw, 950px\" \/><figcaption>Foto de archivo.<\/figcaption><\/figure>\n\n\n\n<p>Ocurri\u00f3 en taller de carpinter\u00eda y no hay lesionados<\/p>\n\n\n\n<p>Personal de Seguridad Penitenciaria de la Subsecretar\u00eda de Reinserci\u00f3n Social de la Secretar\u00eda de Seguridad P\u00fablica de Hidalgo, la madrugada de este s\u00e1bado, report\u00f3 incendio en el interior del Centro de Reinserci\u00f3n Social de Tula, en el \u00e1rea del taller de carpinter\u00eda.<\/p>\n\n\n\n<p>Al lugar arriban unidades del H. Cuerpo de Bomberos y Protecci\u00f3n Civil para realizar labores de atenci\u00f3n y sofocaci\u00f3n del fuego. De los hechos no se reportan personas lesionadas.<\/p>\n\n\n\n<p>Al momento del incidente, las personas en reclusi\u00f3n se encontraban sus dormitorios, sin presentarse riesgos a su integridad f\u00edsica.<\/p>\n","protected":false},"excerpt":{"rendered":"<p>Ocurri\u00f3 en taller de carpinter\u00eda y no hay lesionados Personal de Seguridad Penitenciaria de la Subsecretar\u00eda de Reinserci\u00f3n Social de la Secretar\u00eda de Seguridad P\u00fablica de Hidalgo, la madrugada de este s\u00e1bado, report\u00f3 incendio en el interior del Centro de Reinserci\u00f3n Social de Tula, en el \u00e1rea del taller de carpinter\u00eda. Al lugar arriban unidades<\/p>\n","protected":false},"author":2,"featured_media":48442,"comment_status":"open","ping_status":"closed","sticky":false,"template":"","format":"standard","meta":{"footnotes":""},"categories":[10],"tags":[],"class_list":{"0":"post-48441","1":"post","2":"type-post","3":"status-publish","4":"format-standard","5":"has-post-thumbnail","7":"category-hidalgo"},"_links":{"self":[{"href":"https:\/\/elreporterohgo.com\/noticias\/wp-json\/wp\/v2\/posts\/48441","targetHints":{"allow":["GET"]}}],"collection":[{"href":"https:\/\/elreporterohgo.com\/noticias\/wp-json\/wp\/v2\/posts"}],"about":[{"href":"https:\/\/elreporterohgo.com\/noticias\/wp-json\/wp\/v2\/types\/post"}],"author":[{"embeddable":true,"href":"https:\/\/elreporterohgo.com\/noticias\/wp-json\/wp\/v2\/users\/2"}],"replies":[{"embeddable":true,"href":"https:\/\/elreporterohgo.com\/noticias\/wp-json\/wp\/v2\/comments?post=48441"}],"version-history":[{"count":2,"href":"https:\/\/elreporterohgo.com\/noticias\/wp-json\/wp\/v2\/posts\/48441\/revisions"}],"predecessor-version":[{"id":48445,"href":"https:\/\/elreporterohgo.com\/noticias\/wp-json\/wp\/v2\/posts\/48441\/revisions\/48445"}],"wp:featuredmedia":[{"embeddable":true,"href":"https:\/\/elreporterohgo.com\/noticias\/wp-json\/wp\/v2\/media\/48442"}],"wp:attachment":[{"href":"https:\/\/elreporterohgo.com\/noticias\/wp-json\/wp\/v2\/media?parent=48441"}],"wp:term":[{"taxonomy":"category","embeddable":true,"href":"https:\/\/elreporterohgo.com\/noticias\/wp-json\/wp\/v2\/categories?post=48441"},{"taxonomy":"post_tag","embeddable":true,"href":"https:\/\/elreporterohgo.com\/noticias\/wp-json\/wp\/v2\/tags?post=48441"}],"curies":[{"name":"wp","href":"https:\/\/api.w.org\/{rel}","templated":true}]}}