{"id":48367,"date":"2022-04-21T06:46:04","date_gmt":"2022-04-21T11:46:04","guid":{"rendered":"https:\/\/elreporterohgo.com\/noticias\/?p=48367"},"modified":"2022-04-21T06:46:05","modified_gmt":"2022-04-21T11:46:05","slug":"convenio-para-tramitar-registros-de-marca-de-las-micro-pequenas-y-medianas-empresas-mipymes","status":"publish","type":"post","link":"https:\/\/elreporterohgo.com\/noticias\/2022\/04\/21\/convenio-para-tramitar-registros-de-marca-de-las-micro-pequenas-y-medianas-empresas-mipymes\/","title":{"rendered":"Convenio para tramitar registros de marca de las micro, peque\u00f1as y medianas empresas (Mipymes)"},"content":{"rendered":"\n<figure class=\"wp-block-image\"><img fetchpriority=\"high\" decoding=\"async\" width=\"1024\" height=\"683\" src=\"https::\/\/elreporterohgo.com\/noticias\/wp-content\/uploads\/2022\/04\/unnamed-2022-04-21T063453.651-1024x683.jpg\" alt=\"\" class=\"wp-image-48368\" srcset=\"https:\/\/elreporterohgo.com\/noticias\/wp-content\/uploads\/2022\/04\/unnamed-2022-04-21T063453.651-1024x683.jpg 1024w, https:\/\/elreporterohgo.com\/noticias\/wp-content\/uploads\/2022\/04\/unnamed-2022-04-21T063453.651-300x200.jpg 300w, https:\/\/elreporterohgo.com\/noticias\/wp-content\/uploads\/2022\/04\/unnamed-2022-04-21T063453.651-768x512.jpg 768w, https:\/\/elreporterohgo.com\/noticias\/wp-content\/uploads\/2022\/04\/unnamed-2022-04-21T063453.651.jpg 1280w\" sizes=\"(max-width: 1024px) 100vw, 1024px\" \/><\/figure>\n\n\n\n<p>\u2022 La Secretar\u00eda de Desarrollo Econ\u00f3mico de Hidalgo, el\nInstituto Mexicano de la Propiedad Intelectual (IMPI) y la Secretar\u00eda de\nEconom\u00eda, firmaron esta ma\u00f1ana un convenio para que dichas unidades econ\u00f3micas\ntramiten los registros de marca de las micro, peque\u00f1as y medianas empresas\n(Mipymes) con un descuento del 90 por ciento, del 20 de abril al 20 de mayo.<\/p>\n\n\n\n<p>\u2022 De esta manera, las Mipymes que tramiten su registro de\nmarca en Hidalgo, pagar\u00e1n s\u00f3lo 312.64 pesos.<\/p>\n\n\n\n<p>\u2022 La firma del convenio de adhesi\u00f3n se llev\u00f3 a cabo en la\nsede de la Secretar\u00eda de Econom\u00eda de la Ciudad de M\u00e9xico.<\/p>\n\n\n\n<p>\u2022 Asistieron el director general del IMPI, el titular de la\nUnidad de Normatividad, Competitividad y Competencia de la Secretar\u00eda de\nEconom\u00eda, el secretario de Desarrollo Econ\u00f3mico de Hidalgo, as\u00ed como sus\nhom\u00f3logos de 27 entidades.<\/p>\n","protected":false},"excerpt":{"rendered":"<p>\u2022 La Secretar\u00eda de Desarrollo Econ\u00f3mico de Hidalgo, el Instituto Mexicano de la Propiedad Intelectual (IMPI) y la Secretar\u00eda de Econom\u00eda, firmaron esta ma\u00f1ana un convenio para que dichas unidades econ\u00f3micas tramiten los registros de marca de las micro, peque\u00f1as y medianas empresas (Mipymes) con un descuento del 90 por ciento, del 20 de abril<\/p>\n","protected":false},"author":2,"featured_media":48368,"comment_status":"open","ping_status":"closed","sticky":false,"template":"","format":"standard","meta":{"footnotes":""},"categories":[10],"tags":[],"class_list":{"0":"post-48367","1":"post","2":"type-post","3":"status-publish","4":"format-standard","5":"has-post-thumbnail","7":"category-hidalgo"},"_links":{"self":[{"href":"https:\/\/elreporterohgo.com\/noticias\/wp-json\/wp\/v2\/posts\/48367","targetHints":{"allow":["GET"]}}],"collection":[{"href":"https:\/\/elreporterohgo.com\/noticias\/wp-json\/wp\/v2\/posts"}],"about":[{"href":"https:\/\/elreporterohgo.com\/noticias\/wp-json\/wp\/v2\/types\/post"}],"author":[{"embeddable":true,"href":"https:\/\/elreporterohgo.com\/noticias\/wp-json\/wp\/v2\/users\/2"}],"replies":[{"embeddable":true,"href":"https:\/\/elreporterohgo.com\/noticias\/wp-json\/wp\/v2\/comments?post=48367"}],"version-history":[{"count":1,"href":"https:\/\/elreporterohgo.com\/noticias\/wp-json\/wp\/v2\/posts\/48367\/revisions"}],"predecessor-version":[{"id":48369,"href":"https:\/\/elreporterohgo.com\/noticias\/wp-json\/wp\/v2\/posts\/48367\/revisions\/48369"}],"wp:featuredmedia":[{"embeddable":true,"href":"https:\/\/elreporterohgo.com\/noticias\/wp-json\/wp\/v2\/media\/48368"}],"wp:attachment":[{"href":"https:\/\/elreporterohgo.com\/noticias\/wp-json\/wp\/v2\/media?parent=48367"}],"wp:term":[{"taxonomy":"category","embeddable":true,"href":"https:\/\/elreporterohgo.com\/noticias\/wp-json\/wp\/v2\/categories?post=48367"},{"taxonomy":"post_tag","embeddable":true,"href":"https:\/\/elreporterohgo.com\/noticias\/wp-json\/wp\/v2\/tags?post=48367"}],"curies":[{"name":"wp","href":"https:\/\/api.w.org\/{rel}","templated":true}]}}