{"id":48354,"date":"2022-04-21T06:00:58","date_gmt":"2022-04-21T11:00:58","guid":{"rendered":"https:\/\/elreporterohgo.com\/noticias\/?p=48354"},"modified":"2022-04-21T06:00:59","modified_gmt":"2022-04-21T11:00:59","slug":"urge-modernizar-la-central-de-abastos-de-pachuca","status":"publish","type":"post","link":"https:\/\/elreporterohgo.com\/noticias\/2022\/04\/21\/urge-modernizar-la-central-de-abastos-de-pachuca\/","title":{"rendered":"Urge modernizar la central de abastos de Pachuca"},"content":{"rendered":"\n<figure class=\"wp-block-image\"><img fetchpriority=\"high\" decoding=\"async\" width=\"1024\" height=\"682\" src=\"https::\/\/elreporterohgo.com\/noticias\/wp-content\/uploads\/2022\/04\/WhatsApp-Image-2022-04-20-at-9.47.50-AM-1024x682.jpeg\" alt=\"\" class=\"wp-image-48355\" srcset=\"https:\/\/elreporterohgo.com\/noticias\/wp-content\/uploads\/2022\/04\/WhatsApp-Image-2022-04-20-at-9.47.50-AM-1024x682.jpeg 1024w, https:\/\/elreporterohgo.com\/noticias\/wp-content\/uploads\/2022\/04\/WhatsApp-Image-2022-04-20-at-9.47.50-AM-300x200.jpeg 300w, https:\/\/elreporterohgo.com\/noticias\/wp-content\/uploads\/2022\/04\/WhatsApp-Image-2022-04-20-at-9.47.50-AM-768x512.jpeg 768w, https:\/\/elreporterohgo.com\/noticias\/wp-content\/uploads\/2022\/04\/WhatsApp-Image-2022-04-20-at-9.47.50-AM.jpeg 1280w\" sizes=\"(max-width: 1024px) 100vw, 1024px\" \/><\/figure>\n\n\n\n<p> <br>PACHUCA, Hgo.- En su recorrido por las instalaciones de la Central de Abastos de Pachuca, el candidato del Partido Verde Ecologista de M\u00e9xico (PVEM), Jos\u00e9 Luis Lima Morales plante\u00f3 la urgente necesidad de modernizar el inmueble, ya que tiene m\u00e1s de 40 a\u00f1os en funcionamiento y actualmente no cuenta con las condiciones adecuadas para que los comerciantes, locatarios y visitantes desarrollen sus actividades. <\/p>\n\n\n\n<p>Mientras saludaba a los locatarios, le expresaron sus necesidades que durante a\u00f1os y el paso de distintos gobiernos no han sido atendidas, como lo es la escasez de agua y drenaje. <\/p>\n\n\n\n<p>En este sentido, Lima Morales se comprometi\u00f3 con los locatarios y comerciantes a impulsar mejores condiciones a fin de reactivar la econom\u00eda de este sector, que ha sido afectada por distintas condiciones.<\/p>\n","protected":false},"excerpt":{"rendered":"<p>PACHUCA, Hgo.- En su recorrido por las instalaciones de la Central de Abastos de Pachuca, el candidato del Partido Verde Ecologista de M\u00e9xico (PVEM), Jos\u00e9 Luis Lima Morales plante\u00f3 la urgente necesidad de modernizar el inmueble, ya que tiene m\u00e1s de 40 a\u00f1os en funcionamiento y actualmente no cuenta con las condiciones adecuadas para que<\/p>\n","protected":false},"author":2,"featured_media":48355,"comment_status":"open","ping_status":"closed","sticky":false,"template":"","format":"standard","meta":{"footnotes":""},"categories":[10],"tags":[],"class_list":{"0":"post-48354","1":"post","2":"type-post","3":"status-publish","4":"format-standard","5":"has-post-thumbnail","7":"category-hidalgo"},"_links":{"self":[{"href":"https:\/\/elreporterohgo.com\/noticias\/wp-json\/wp\/v2\/posts\/48354","targetHints":{"allow":["GET"]}}],"collection":[{"href":"https:\/\/elreporterohgo.com\/noticias\/wp-json\/wp\/v2\/posts"}],"about":[{"href":"https:\/\/elreporterohgo.com\/noticias\/wp-json\/wp\/v2\/types\/post"}],"author":[{"embeddable":true,"href":"https:\/\/elreporterohgo.com\/noticias\/wp-json\/wp\/v2\/users\/2"}],"replies":[{"embeddable":true,"href":"https:\/\/elreporterohgo.com\/noticias\/wp-json\/wp\/v2\/comments?post=48354"}],"version-history":[{"count":1,"href":"https:\/\/elreporterohgo.com\/noticias\/wp-json\/wp\/v2\/posts\/48354\/revisions"}],"predecessor-version":[{"id":48356,"href":"https:\/\/elreporterohgo.com\/noticias\/wp-json\/wp\/v2\/posts\/48354\/revisions\/48356"}],"wp:featuredmedia":[{"embeddable":true,"href":"https:\/\/elreporterohgo.com\/noticias\/wp-json\/wp\/v2\/media\/48355"}],"wp:attachment":[{"href":"https:\/\/elreporterohgo.com\/noticias\/wp-json\/wp\/v2\/media?parent=48354"}],"wp:term":[{"taxonomy":"category","embeddable":true,"href":"https:\/\/elreporterohgo.com\/noticias\/wp-json\/wp\/v2\/categories?post=48354"},{"taxonomy":"post_tag","embeddable":true,"href":"https:\/\/elreporterohgo.com\/noticias\/wp-json\/wp\/v2\/tags?post=48354"}],"curies":[{"name":"wp","href":"https:\/\/api.w.org\/{rel}","templated":true}]}}