{"id":48315,"date":"2022-04-19T23:32:31","date_gmt":"2022-04-20T04:32:31","guid":{"rendered":"https:\/\/elreporterohgo.com\/noticias\/?p=48315"},"modified":"2022-04-19T23:32:32","modified_gmt":"2022-04-20T04:32:32","slug":"cuarta-dosis-de-vacuna-covid-no-se-esta-considerando-de-manera-generalizada-gatell","status":"publish","type":"post","link":"https:\/\/elreporterohgo.com\/noticias\/2022\/04\/19\/cuarta-dosis-de-vacuna-covid-no-se-esta-considerando-de-manera-generalizada-gatell\/","title":{"rendered":"Cuarta dosis de vacuna COVID no se est\u00e1 considerando de manera generalizada: Gatell"},"content":{"rendered":"\n<p>Las cuartas dosis estar\u00edan reservadas para adultos mayores y personal de salud.<\/p>\n\n\n\n<p>El subsecretario de Salud Hugo L\u00f3pez-Gatell&nbsp;<strong>descart\u00f3&nbsp;<\/strong>que M\u00e9xico est\u00e9 considerando aplicar de manera<strong>&nbsp;generalizada<\/strong>&nbsp;una<strong>&nbsp;cuarta dosis&nbsp;<\/strong>de la vacuna contra el COVID-19.<\/p>\n\n\n\n<p>Durante la conferencia de prensa matutina de este martes, el funcionario puntualiz\u00f3 que&nbsp;<strong>las segundas dosis de refuerzo<\/strong>&nbsp;estar\u00edan&nbsp;<strong>reservadas<\/strong>&nbsp;para&nbsp;<strong>personal de salud<\/strong>&nbsp;y&nbsp;<strong>adultos mayores<\/strong>&nbsp;que as\u00ed lo necesiten.<\/p>\n\n\n\n<p>\u201c<strong>El uso concreto de una posible cuarta dosis no necesariamente se est\u00e1 considerando de manera generalizada<\/strong>. Algunas recomendaciones t\u00e9cnicas (en pa\u00edses y regiones que han aprobado segundos refuerzos) se\u00f1alan que quienes se beneficiar\u00edan m\u00e1s de una cuarta dosis son las personas adultas mayores\u201d, dijo en Palacio Nacional.<\/p>\n\n\n\n<p><strong>\u201cNo tenemos como parte de la pol\u00edtica de vacunaci\u00f3n un esquema de cuarta dosis<\/strong>. Sin embargo, por recomendaciones m\u00e9dicas, hay personas a quienes se les manda tener una dosis adicional, que representar\u00eda la cuarta dosis\u201d, a\u00f1adi\u00f3.<\/p>\n\n\n\n<p>Esta misma pol\u00edtica aplicar\u00e1 para&nbsp;<strong>personal de salud<\/strong>, quienes por razones de exposici\u00f3n profesional al virus SARS-CoV-2, podr\u00edan acceder a una cuarta dosis, se\u00f1al\u00f3 el responsable de la pandemia en M\u00e9xico.<\/p>\n\n\n\n<p>\u201cEn resumen:\u00a0<strong>no es que haya un plan estructurado de recibir cuartas dosis<\/strong>, sino por razones cl\u00ednicas. Puede ser recomendable que estos dos grupos poblacionales (adultos mayores y personal de salud) pudieran tener una cuarta dosis\u201d, reiter\u00f3.<\/p>\n\n\n\n<figure class=\"wp-block-image\"><img fetchpriority=\"high\" decoding=\"async\" width=\"1024\" height=\"981\" src=\"https::\/\/elreporterohgo.com\/noticias\/wp-content\/uploads\/2022\/04\/bares-1024x981.jpg\" alt=\"\" class=\"wp-image-48316\" srcset=\"https:\/\/elreporterohgo.com\/noticias\/wp-content\/uploads\/2022\/04\/bares-1024x981.jpg 1024w, https:\/\/elreporterohgo.com\/noticias\/wp-content\/uploads\/2022\/04\/bares-300x287.jpg 300w, https:\/\/elreporterohgo.com\/noticias\/wp-content\/uploads\/2022\/04\/bares-768x736.jpg 768w, https:\/\/elreporterohgo.com\/noticias\/wp-content\/uploads\/2022\/04\/bares.jpg 1290w\" sizes=\"(max-width: 1024px) 100vw, 1024px\" \/><\/figure>\n\n\n\n<p><br><\/p>\n","protected":false},"excerpt":{"rendered":"<p>Las cuartas dosis estar\u00edan reservadas para adultos mayores y personal de salud. El subsecretario de Salud Hugo L\u00f3pez-Gatell&nbsp;descart\u00f3&nbsp;que M\u00e9xico est\u00e9 considerando aplicar de manera&nbsp;generalizada&nbsp;una&nbsp;cuarta dosis&nbsp;de la vacuna contra el COVID-19. Durante la conferencia de prensa matutina de este martes, el funcionario puntualiz\u00f3 que&nbsp;las segundas dosis de refuerzo&nbsp;estar\u00edan&nbsp;reservadas&nbsp;para&nbsp;personal de salud&nbsp;y&nbsp;adultos mayores&nbsp;que as\u00ed lo necesiten. \u201cEl uso<\/p>\n","protected":false},"author":2,"featured_media":48316,"comment_status":"open","ping_status":"closed","sticky":false,"template":"","format":"standard","meta":{"footnotes":""},"categories":[10],"tags":[],"class_list":{"0":"post-48315","1":"post","2":"type-post","3":"status-publish","4":"format-standard","5":"has-post-thumbnail","7":"category-hidalgo"},"_links":{"self":[{"href":"https:\/\/elreporterohgo.com\/noticias\/wp-json\/wp\/v2\/posts\/48315","targetHints":{"allow":["GET"]}}],"collection":[{"href":"https:\/\/elreporterohgo.com\/noticias\/wp-json\/wp\/v2\/posts"}],"about":[{"href":"https:\/\/elreporterohgo.com\/noticias\/wp-json\/wp\/v2\/types\/post"}],"author":[{"embeddable":true,"href":"https:\/\/elreporterohgo.com\/noticias\/wp-json\/wp\/v2\/users\/2"}],"replies":[{"embeddable":true,"href":"https:\/\/elreporterohgo.com\/noticias\/wp-json\/wp\/v2\/comments?post=48315"}],"version-history":[{"count":1,"href":"https:\/\/elreporterohgo.com\/noticias\/wp-json\/wp\/v2\/posts\/48315\/revisions"}],"predecessor-version":[{"id":48317,"href":"https:\/\/elreporterohgo.com\/noticias\/wp-json\/wp\/v2\/posts\/48315\/revisions\/48317"}],"wp:featuredmedia":[{"embeddable":true,"href":"https:\/\/elreporterohgo.com\/noticias\/wp-json\/wp\/v2\/media\/48316"}],"wp:attachment":[{"href":"https:\/\/elreporterohgo.com\/noticias\/wp-json\/wp\/v2\/media?parent=48315"}],"wp:term":[{"taxonomy":"category","embeddable":true,"href":"https:\/\/elreporterohgo.com\/noticias\/wp-json\/wp\/v2\/categories?post=48315"},{"taxonomy":"post_tag","embeddable":true,"href":"https:\/\/elreporterohgo.com\/noticias\/wp-json\/wp\/v2\/tags?post=48315"}],"curies":[{"name":"wp","href":"https:\/\/api.w.org\/{rel}","templated":true}]}}