{"id":48290,"date":"2022-04-18T12:41:29","date_gmt":"2022-04-18T17:41:29","guid":{"rendered":"https:\/\/elreporterohgo.com\/noticias\/?p=48290"},"modified":"2022-04-18T12:53:23","modified_gmt":"2022-04-18T17:53:23","slug":"recapturan-a-peligroso-secuestrados-a-el-michoacano","status":"publish","type":"post","link":"https:\/\/elreporterohgo.com\/noticias\/2022\/04\/18\/recapturan-a-peligroso-secuestrados-a-el-michoacano\/","title":{"rendered":"Recapturan a peligroso secuestrados (a) \u201cEl Michoacano\u201d"},"content":{"rendered":"\n<figure class=\"wp-block-image\"><img fetchpriority=\"high\" decoding=\"async\" width=\"690\" height=\"523\" src=\"https::\/\/elreporterohgo.com\/noticias\/wp-content\/uploads\/2022\/04\/260203291_1826037790933066_9035305136649584227_n-2.jpg\" alt=\"\" class=\"wp-image-48291\" srcset=\"https:\/\/elreporterohgo.com\/noticias\/wp-content\/uploads\/2022\/04\/260203291_1826037790933066_9035305136649584227_n-2.jpg 690w, https:\/\/elreporterohgo.com\/noticias\/wp-content\/uploads\/2022\/04\/260203291_1826037790933066_9035305136649584227_n-2-300x227.jpg 300w\" sizes=\"(max-width: 690px) 100vw, 690px\" \/><\/figure>\n\n\n\n<p>*Con carros bomba lo rescataron de Tula<\/p>\n\n\n\n<p>*Poco m\u00e1s de cuatro meses en libertad<\/p>\n\n\n\n<p>*Estaba escondido en ciudad MX<\/p>\n\n\n\n<p>Por Juan Sabino Cruz<\/p>\n\n\n\n<p>Ciudad MX.- Peligroso criminal identificado como \u201cEl Michoacano\u201d, rescatado\ncon violencia el primero de diciembre del penal de Tula de Allende, cuatro\nmeses y medio de su fuga, nuevamente fue puesto tras las rejas.<\/p>\n\n\n\n<p>Mediante un operativo\ninterinstitucional, elementos de la UECS (Unidad Especializada en el Combate al\nSecuestro), aprehendieron en la Ciudad de M\u00e9xico a dos personas de identidad\nreservada con iniciales J. A. M. M., alias \u201cEl Michoacano\u201d y a G. M. M., quienes\nen 2021 se fugaron de centros de reinserci\u00f3n social en Tula de Allende y\nPuebla.<\/p>\n\n\n\n<p>Las acciones para lograr el\ncumplimiento de las \u00f3rdenes de aprehensi\u00f3n, se llevaron a cabo en coordinaci\u00f3n\ncon la UECS de la Fiscal\u00eda General de Justicia de Michoac\u00e1n, la CONASE\n(Coordinaci\u00f3n Nacional Antisecuestros) de la Secretar\u00eda de Seguridad y\nProtecci\u00f3n Ciudadana, la Secretar\u00eda de Seguridad P\u00fablica y Atenci\u00f3n Ciudadana\nde la Ciudad de M\u00e9xico, as\u00ed como con el apoyo del \u00e1rea de operaciones del CNI\n(Centro Nacional de Inteligencia) y de la Agencia de Investigaci\u00f3n Criminal de\nla Fiscal\u00eda General de la Rep\u00fablica.<\/p>\n\n\n\n<p>El operativo se desarroll\u00f3 sin\nincidencias, gracias a la aplicaci\u00f3n de inteligencia estrat\u00e9gica de las\ninstituciones, sin problem\u00e1ticas de seguridad o de riesgo en la integridad de\nlas personas aprehendidas, de los servidores p\u00fablicos que actuaron y de la\npoblaci\u00f3n.<\/p>\n\n\n\n<p>Les dejamos el link de la fuga Que\namablemente nos compartieron seguidores de EL REPORTERO.<\/p>\n\n\n\n<p><a href=\"https:s:\/\/www.facebook.com\/juansabino.cruzpelcastre\/videos\/582294802997887\">https:s:\/\/www.facebook.com\/juansabino.cruzpelcastre\/videos\/582294802997887<\/a><\/p>\n\n\n\n<p><\/p>\n\n\n\n<figure class=\"wp-block-embed is-type-rich is-provider-el-reportero\"><div class=\"wp-block-embed__wrapper\">\nhttps::\/\/elreporterohgo.com\/noticias\/2021\/12\/01\/terrorismo-para-rescatar-a-secuestradores-en-tula-de-allende\/\n<\/div><\/figure>\n","protected":false},"excerpt":{"rendered":"<p>*Con carros bomba lo rescataron de Tula *Poco m\u00e1s de cuatro meses en libertad *Estaba escondido en ciudad MX Por Juan Sabino Cruz Ciudad MX.- Peligroso criminal identificado como \u201cEl Michoacano\u201d, rescatado con violencia el primero de diciembre del penal de Tula de Allende, cuatro meses y medio de su fuga, nuevamente fue puesto tras<\/p>\n","protected":false},"author":2,"featured_media":48291,"comment_status":"open","ping_status":"closed","sticky":false,"template":"","format":"standard","meta":{"footnotes":""},"categories":[10],"tags":[],"class_list":{"0":"post-48290","1":"post","2":"type-post","3":"status-publish","4":"format-standard","5":"has-post-thumbnail","7":"category-hidalgo"},"_links":{"self":[{"href":"https:\/\/elreporterohgo.com\/noticias\/wp-json\/wp\/v2\/posts\/48290","targetHints":{"allow":["GET"]}}],"collection":[{"href":"https:\/\/elreporterohgo.com\/noticias\/wp-json\/wp\/v2\/posts"}],"about":[{"href":"https:\/\/elreporterohgo.com\/noticias\/wp-json\/wp\/v2\/types\/post"}],"author":[{"embeddable":true,"href":"https:\/\/elreporterohgo.com\/noticias\/wp-json\/wp\/v2\/users\/2"}],"replies":[{"embeddable":true,"href":"https:\/\/elreporterohgo.com\/noticias\/wp-json\/wp\/v2\/comments?post=48290"}],"version-history":[{"count":2,"href":"https:\/\/elreporterohgo.com\/noticias\/wp-json\/wp\/v2\/posts\/48290\/revisions"}],"predecessor-version":[{"id":48293,"href":"https:\/\/elreporterohgo.com\/noticias\/wp-json\/wp\/v2\/posts\/48290\/revisions\/48293"}],"wp:featuredmedia":[{"embeddable":true,"href":"https:\/\/elreporterohgo.com\/noticias\/wp-json\/wp\/v2\/media\/48291"}],"wp:attachment":[{"href":"https:\/\/elreporterohgo.com\/noticias\/wp-json\/wp\/v2\/media?parent=48290"}],"wp:term":[{"taxonomy":"category","embeddable":true,"href":"https:\/\/elreporterohgo.com\/noticias\/wp-json\/wp\/v2\/categories?post=48290"},{"taxonomy":"post_tag","embeddable":true,"href":"https:\/\/elreporterohgo.com\/noticias\/wp-json\/wp\/v2\/tags?post=48290"}],"curies":[{"name":"wp","href":"https:\/\/api.w.org\/{rel}","templated":true}]}}