{"id":48272,"date":"2022-04-17T22:21:55","date_gmt":"2022-04-18T03:21:55","guid":{"rendered":"https:\/\/elreporterohgo.com\/noticias\/?p=48272"},"modified":"2022-04-17T22:21:57","modified_gmt":"2022-04-18T03:21:57","slug":"vacunacion-contra-covid-19-para-ninas-y-ninos-iniciaria-en-mayo-cuales-son-los-sintomas-covid-en-ninos","status":"publish","type":"post","link":"https:\/\/elreporterohgo.com\/noticias\/2022\/04\/17\/vacunacion-contra-covid-19-para-ninas-y-ninos-iniciaria-en-mayo-cuales-son-los-sintomas-covid-en-ninos\/","title":{"rendered":"Vacunaci\u00f3n contra Covid-19 para ni\u00f1as y ni\u00f1os iniciar\u00eda en mayo: \u00bfCu\u00e1les son los s\u00edntomas COVID en ni\u00f1os?"},"content":{"rendered":"\n<p><strong>El programa de vacunaci\u00f3n en M\u00e9xico contin\u00faa y los ni\u00f1os del pa\u00eds<\/strong>&nbsp;ya podr\u00e1n recibir esta vacuna para prevenir salir afectado por el Covid-19,&nbsp;<strong>por lo que esta parte de la poblaci\u00f3n ya podr\u00e1 ir a vacunarse sin ning\u00fan problema.<\/strong><\/p>\n\n\n\n<p>El presidente de la Rep\u00fablica Mexicana,&nbsp;<strong>Andr\u00e9s Manuel L\u00f3pez Obrados, habl\u00f3 sobre las vacunas que estar\u00edan llegando al pa\u00eds para vacunar a los ni\u00f1os y ni\u00f1as.<\/strong><\/p>\n\n\n\n<p><strong>\u00abTenemos pagado por adelantado un lote de vacunas del mecanismo Covax de la ONU<\/strong>&nbsp;y estamos solicitando que nos manden vacunas para ni\u00f1os, porque no se pueden usar&nbsp;<strong>estas vacunas que tenemos o no son de algunas marcas autorizadas\u00bb,<\/strong>&nbsp;coment\u00f3 en conferencia de prensa.<\/p>\n\n\n\n<h2 class=\"wp-block-heading\">\u00bfPueden los ni\u00f1os y ni\u00f1as contagiarse de Covid-19?<\/h2>\n\n\n\n<p>Los ni\u00f1os y ni\u00f1as pueden contagiarse normalmente del Covid-19,&nbsp;<strong>por lo que est\u00e1n de igual manera expuestos a contraer este virus.<\/strong><\/p>\n\n\n\n<h2 class=\"wp-block-heading\">\u00bfC\u00f3mo identificar Covid-19 en ni\u00f1os?<\/h2>\n\n\n\n<ul class=\"wp-block-list\"><li>Fiebre que dura m\u00e1s de 24 horas<\/li><li>V\u00f3mitos<\/li><li>Diarrea<\/li><li>Dolor de est\u00f3mago<\/li><li>Sarpullido<\/li><li>Latidos r\u00e1pidos del coraz\u00f3n<\/li><li>Respiraci\u00f3n acelerada<\/li><li>Ojos rojos<\/li><li>Enrojecimiento o hinchaz\u00f3n de los labios y la lengua<\/li><li>Cansancio inusual<\/li><li>Enrojecimiento o hinchaz\u00f3n en las manos o los pies<\/li><li>Dolor de cabeza, mareos o aturdimiento<\/li><li>Agrandamiento de los ganglios linf\u00e1ticos<\/li><\/ul>\n\n\n\n<figure class=\"wp-block-image\"><img fetchpriority=\"high\" decoding=\"async\" width=\"1024\" height=\"1024\" src=\"https::\/\/elreporterohgo.com\/noticias\/wp-content\/uploads\/2022\/04\/covid-casa-1024x1024.jpg\" alt=\"\" class=\"wp-image-48273\" srcset=\"https:\/\/elreporterohgo.com\/noticias\/wp-content\/uploads\/2022\/04\/covid-casa-1024x1024.jpg 1024w, https:\/\/elreporterohgo.com\/noticias\/wp-content\/uploads\/2022\/04\/covid-casa-150x150.jpg 150w, https:\/\/elreporterohgo.com\/noticias\/wp-content\/uploads\/2022\/04\/covid-casa-300x300.jpg 300w, https:\/\/elreporterohgo.com\/noticias\/wp-content\/uploads\/2022\/04\/covid-casa-768x768.jpg 768w, https:\/\/elreporterohgo.com\/noticias\/wp-content\/uploads\/2022\/04\/covid-casa-160x160.jpg 160w, https:\/\/elreporterohgo.com\/noticias\/wp-content\/uploads\/2022\/04\/covid-casa.jpg 1218w\" sizes=\"(max-width: 1024px) 100vw, 1024px\" \/><\/figure>\n","protected":false},"excerpt":{"rendered":"<p>El programa de vacunaci\u00f3n en M\u00e9xico contin\u00faa y los ni\u00f1os del pa\u00eds&nbsp;ya podr\u00e1n recibir esta vacuna para prevenir salir afectado por el Covid-19,&nbsp;por lo que esta parte de la poblaci\u00f3n ya podr\u00e1 ir a vacunarse sin ning\u00fan problema. El presidente de la Rep\u00fablica Mexicana,&nbsp;Andr\u00e9s Manuel L\u00f3pez Obrados, habl\u00f3 sobre las vacunas que estar\u00edan llegando al<\/p>\n","protected":false},"author":2,"featured_media":48273,"comment_status":"open","ping_status":"closed","sticky":false,"template":"","format":"standard","meta":{"footnotes":""},"categories":[10],"tags":[],"class_list":{"0":"post-48272","1":"post","2":"type-post","3":"status-publish","4":"format-standard","5":"has-post-thumbnail","7":"category-hidalgo"},"_links":{"self":[{"href":"https:\/\/elreporterohgo.com\/noticias\/wp-json\/wp\/v2\/posts\/48272","targetHints":{"allow":["GET"]}}],"collection":[{"href":"https:\/\/elreporterohgo.com\/noticias\/wp-json\/wp\/v2\/posts"}],"about":[{"href":"https:\/\/elreporterohgo.com\/noticias\/wp-json\/wp\/v2\/types\/post"}],"author":[{"embeddable":true,"href":"https:\/\/elreporterohgo.com\/noticias\/wp-json\/wp\/v2\/users\/2"}],"replies":[{"embeddable":true,"href":"https:\/\/elreporterohgo.com\/noticias\/wp-json\/wp\/v2\/comments?post=48272"}],"version-history":[{"count":1,"href":"https:\/\/elreporterohgo.com\/noticias\/wp-json\/wp\/v2\/posts\/48272\/revisions"}],"predecessor-version":[{"id":48274,"href":"https:\/\/elreporterohgo.com\/noticias\/wp-json\/wp\/v2\/posts\/48272\/revisions\/48274"}],"wp:featuredmedia":[{"embeddable":true,"href":"https:\/\/elreporterohgo.com\/noticias\/wp-json\/wp\/v2\/media\/48273"}],"wp:attachment":[{"href":"https:\/\/elreporterohgo.com\/noticias\/wp-json\/wp\/v2\/media?parent=48272"}],"wp:term":[{"taxonomy":"category","embeddable":true,"href":"https:\/\/elreporterohgo.com\/noticias\/wp-json\/wp\/v2\/categories?post=48272"},{"taxonomy":"post_tag","embeddable":true,"href":"https:\/\/elreporterohgo.com\/noticias\/wp-json\/wp\/v2\/tags?post=48272"}],"curies":[{"name":"wp","href":"https:\/\/api.w.org\/{rel}","templated":true}]}}