{"id":48271,"date":"2022-04-18T09:56:29","date_gmt":"2022-04-18T14:56:29","guid":{"rendered":"https:\/\/elreporterohgo.com\/noticias\/?p=48271"},"modified":"2022-04-18T09:56:30","modified_gmt":"2022-04-18T14:56:30","slug":"su-automovil-fue-su-ataud","status":"publish","type":"post","link":"https:\/\/elreporterohgo.com\/noticias\/2022\/04\/18\/su-automovil-fue-su-ataud\/","title":{"rendered":"Su autom\u00f3vil fue su ata\u00fad"},"content":{"rendered":"\n<figure class=\"wp-block-image\"><img fetchpriority=\"high\" decoding=\"async\" width=\"1024\" height=\"768\" src=\"https::\/\/elreporterohgo.com\/noticias\/wp-content\/uploads\/2022\/04\/c4e7fd32-39a7-4e91-bee6-0582c93f7120-1024x768.jpg\" alt=\"\" class=\"wp-image-48275\" srcset=\"https:\/\/elreporterohgo.com\/noticias\/wp-content\/uploads\/2022\/04\/c4e7fd32-39a7-4e91-bee6-0582c93f7120-1024x768.jpg 1024w, https:\/\/elreporterohgo.com\/noticias\/wp-content\/uploads\/2022\/04\/c4e7fd32-39a7-4e91-bee6-0582c93f7120-300x225.jpg 300w, https:\/\/elreporterohgo.com\/noticias\/wp-content\/uploads\/2022\/04\/c4e7fd32-39a7-4e91-bee6-0582c93f7120-768x576.jpg 768w, https:\/\/elreporterohgo.com\/noticias\/wp-content\/uploads\/2022\/04\/c4e7fd32-39a7-4e91-bee6-0582c93f7120.jpg 1040w\" sizes=\"(max-width: 1024px) 100vw, 1024px\" \/><\/figure>\n\n\n\n<p>Volc\u00f3 y muri\u00f3 en la autopista M\u00e9xico-Tulancingo<\/p>\n\n\n\n<p>Por Gerardo Sol<\/p>\n\n\n\n<p>ZEMPOALA, HGO.- Un hombre perdi\u00f3 la vida al volcar su\nautom\u00f3vil, la ma\u00f1ana de hoy, sobre la autopista M\u00e9xico-Tulancingo, a la altura\nde Zempoala. Agentes de la Guardia Nacional quedaron como primer respondiente.<\/p>\n\n\n\n<p>Oficiales de Seguridad Municipal dieron a conocer que,\naproximadamente a las 07:20 horas de hoy, su central de radio les report\u00f3 un\naccidente en la referida carretera, a la altura de la localidad de Venustiano\nCarranza.<\/p>\n\n\n\n<p>Se trasladaron al kil\u00f3metro 51 de la referida v\u00eda de\ncomunicaci\u00f3n donde encontraron volcado un autom\u00f3vil Chevrolet Corsa, color\nblanco, matricula del Estado de M\u00e9xico, en el interior estaba el conductor.<\/p>\n\n\n\n<p>Param\u00e9dicos de Protecci\u00f3n Civil de Nopaltepec, Estado de\nM\u00e9xico llegaron a prestar auxilio al lugar del accidente, mismos que indicaron\nque el conductor carec\u00eda de signos vitales, hab\u00eda muerto en el interior del veh\u00edculo.<\/p>\n\n\n\n<p>Personal de la Guardia Nacional qued\u00f3 como primer\nrespondiente.<\/p>\n","protected":false},"excerpt":{"rendered":"<p>Volc\u00f3 y muri\u00f3 en la autopista M\u00e9xico-Tulancingo Por Gerardo Sol ZEMPOALA, HGO.- Un hombre perdi\u00f3 la vida al volcar su autom\u00f3vil, la ma\u00f1ana de hoy, sobre la autopista M\u00e9xico-Tulancingo, a la altura de Zempoala. Agentes de la Guardia Nacional quedaron como primer respondiente. Oficiales de Seguridad Municipal dieron a conocer que, aproximadamente a las 07:20<\/p>\n","protected":false},"author":2,"featured_media":48275,"comment_status":"open","ping_status":"closed","sticky":false,"template":"","format":"standard","meta":{"footnotes":""},"categories":[10],"tags":[],"class_list":{"0":"post-48271","1":"post","2":"type-post","3":"status-publish","4":"format-standard","5":"has-post-thumbnail","7":"category-hidalgo"},"_links":{"self":[{"href":"https:\/\/elreporterohgo.com\/noticias\/wp-json\/wp\/v2\/posts\/48271","targetHints":{"allow":["GET"]}}],"collection":[{"href":"https:\/\/elreporterohgo.com\/noticias\/wp-json\/wp\/v2\/posts"}],"about":[{"href":"https:\/\/elreporterohgo.com\/noticias\/wp-json\/wp\/v2\/types\/post"}],"author":[{"embeddable":true,"href":"https:\/\/elreporterohgo.com\/noticias\/wp-json\/wp\/v2\/users\/2"}],"replies":[{"embeddable":true,"href":"https:\/\/elreporterohgo.com\/noticias\/wp-json\/wp\/v2\/comments?post=48271"}],"version-history":[{"count":1,"href":"https:\/\/elreporterohgo.com\/noticias\/wp-json\/wp\/v2\/posts\/48271\/revisions"}],"predecessor-version":[{"id":48276,"href":"https:\/\/elreporterohgo.com\/noticias\/wp-json\/wp\/v2\/posts\/48271\/revisions\/48276"}],"wp:featuredmedia":[{"embeddable":true,"href":"https:\/\/elreporterohgo.com\/noticias\/wp-json\/wp\/v2\/media\/48275"}],"wp:attachment":[{"href":"https:\/\/elreporterohgo.com\/noticias\/wp-json\/wp\/v2\/media?parent=48271"}],"wp:term":[{"taxonomy":"category","embeddable":true,"href":"https:\/\/elreporterohgo.com\/noticias\/wp-json\/wp\/v2\/categories?post=48271"},{"taxonomy":"post_tag","embeddable":true,"href":"https:\/\/elreporterohgo.com\/noticias\/wp-json\/wp\/v2\/tags?post=48271"}],"curies":[{"name":"wp","href":"https:\/\/api.w.org\/{rel}","templated":true}]}}