{"id":48255,"date":"2022-04-17T08:46:55","date_gmt":"2022-04-17T13:46:55","guid":{"rendered":"https:\/\/elreporterohgo.com\/noticias\/?p=48255"},"modified":"2022-04-17T08:46:56","modified_gmt":"2022-04-17T13:46:56","slug":"tragica-muerte-de-un-menor-en-volcadura","status":"publish","type":"post","link":"https:\/\/elreporterohgo.com\/noticias\/2022\/04\/17\/tragica-muerte-de-un-menor-en-volcadura\/","title":{"rendered":"Tr\u00e1gica muerte de un menor en volcadura"},"content":{"rendered":"\n<figure class=\"wp-block-image\"><img fetchpriority=\"high\" decoding=\"async\" width=\"1024\" height=\"768\" src=\"https::\/\/elreporterohgo.com\/noticias\/wp-content\/uploads\/2022\/04\/5d48b35e-b6e8-4a65-b36b-f8fba1cb05da-1024x768.jpg\" alt=\"\" class=\"wp-image-48256\" srcset=\"https:\/\/elreporterohgo.com\/noticias\/wp-content\/uploads\/2022\/04\/5d48b35e-b6e8-4a65-b36b-f8fba1cb05da-1024x768.jpg 1024w, https:\/\/elreporterohgo.com\/noticias\/wp-content\/uploads\/2022\/04\/5d48b35e-b6e8-4a65-b36b-f8fba1cb05da-300x225.jpg 300w, https:\/\/elreporterohgo.com\/noticias\/wp-content\/uploads\/2022\/04\/5d48b35e-b6e8-4a65-b36b-f8fba1cb05da-768x576.jpg 768w, https:\/\/elreporterohgo.com\/noticias\/wp-content\/uploads\/2022\/04\/5d48b35e-b6e8-4a65-b36b-f8fba1cb05da.jpg 1280w\" sizes=\"(max-width: 1024px) 100vw, 1024px\" \/><\/figure>\n\n\n\n<figure class=\"wp-block-image\"><img decoding=\"async\" width=\"1024\" height=\"768\" src=\"https::\/\/elreporterohgo.com\/noticias\/wp-content\/uploads\/2022\/04\/3eb57b1d-2842-466f-aeb3-9694b5cf9201-1024x768.jpg\" alt=\"\" class=\"wp-image-48257\" srcset=\"https:\/\/elreporterohgo.com\/noticias\/wp-content\/uploads\/2022\/04\/3eb57b1d-2842-466f-aeb3-9694b5cf9201-1024x768.jpg 1024w, https:\/\/elreporterohgo.com\/noticias\/wp-content\/uploads\/2022\/04\/3eb57b1d-2842-466f-aeb3-9694b5cf9201-300x225.jpg 300w, https:\/\/elreporterohgo.com\/noticias\/wp-content\/uploads\/2022\/04\/3eb57b1d-2842-466f-aeb3-9694b5cf9201-768x576.jpg 768w, https:\/\/elreporterohgo.com\/noticias\/wp-content\/uploads\/2022\/04\/3eb57b1d-2842-466f-aeb3-9694b5cf9201.jpg 1280w\" sizes=\"(max-width: 1024px) 100vw, 1024px\" \/><\/figure>\n\n\n\n<p>Ocurrida en Cerro Colorado<\/p>\n\n\n\n<p>Por Juan Sabino Cruz<\/p>\n\n\n\n<p>Atotonilco, Hgo.- Un menor muertos, una mujer herida y da\u00f1os\nmateriales fue el saldo que dej\u00f3 la volcadura de una camioneta, la noche de\nayer, en la carretera M\u00e9xico-Tampico, &nbsp;a\nla altura de Cerro Colorado.<\/p>\n\n\n\n<p>Efectivos de la Polic\u00eda Estatal adscritos a Atotonilco el\nGrande, en atenci\u00f3n a un reporte del C5i, aproximadamente a las 20:30 horas de\nayer, salieron a atender un accidente en el tramo carretero Huejutla-Atotonilco,\na la altura de Cerro Colorado.<\/p>\n\n\n\n<p>Los uniformados se trasladaron al lugar donde localizaron volcada\ny destruida una camioneta Chevrolet Oldsmobile, color blanco, misma que era\nconducida por Roberto \u201cN\u201d, de 36 a\u00f1os.<\/p>\n\n\n\n<p>Turado en el lugar encontraron sin vida al menor &nbsp;Alexander \u201cN\u201d, de 5 a\u00f1os.<\/p>\n\n\n\n<p>Malherida encontraron a Silvia \u201cN\u201d, de 26 a\u00f1os, misma que\npresenta traumatismo y fue trasladada al Hospital General de Pachuca.<\/p>\n","protected":false},"excerpt":{"rendered":"<p>Ocurrida en Cerro Colorado Por Juan Sabino Cruz Atotonilco, Hgo.- Un menor muertos, una mujer herida y da\u00f1os materiales fue el saldo que dej\u00f3 la volcadura de una camioneta, la noche de ayer, en la carretera M\u00e9xico-Tampico, &nbsp;a la altura de Cerro Colorado. Efectivos de la Polic\u00eda Estatal adscritos a Atotonilco el Grande, en atenci\u00f3n<\/p>\n","protected":false},"author":2,"featured_media":48256,"comment_status":"open","ping_status":"closed","sticky":false,"template":"","format":"standard","meta":{"footnotes":""},"categories":[10],"tags":[],"class_list":{"0":"post-48255","1":"post","2":"type-post","3":"status-publish","4":"format-standard","5":"has-post-thumbnail","7":"category-hidalgo"},"_links":{"self":[{"href":"https:\/\/elreporterohgo.com\/noticias\/wp-json\/wp\/v2\/posts\/48255","targetHints":{"allow":["GET"]}}],"collection":[{"href":"https:\/\/elreporterohgo.com\/noticias\/wp-json\/wp\/v2\/posts"}],"about":[{"href":"https:\/\/elreporterohgo.com\/noticias\/wp-json\/wp\/v2\/types\/post"}],"author":[{"embeddable":true,"href":"https:\/\/elreporterohgo.com\/noticias\/wp-json\/wp\/v2\/users\/2"}],"replies":[{"embeddable":true,"href":"https:\/\/elreporterohgo.com\/noticias\/wp-json\/wp\/v2\/comments?post=48255"}],"version-history":[{"count":1,"href":"https:\/\/elreporterohgo.com\/noticias\/wp-json\/wp\/v2\/posts\/48255\/revisions"}],"predecessor-version":[{"id":48258,"href":"https:\/\/elreporterohgo.com\/noticias\/wp-json\/wp\/v2\/posts\/48255\/revisions\/48258"}],"wp:featuredmedia":[{"embeddable":true,"href":"https:\/\/elreporterohgo.com\/noticias\/wp-json\/wp\/v2\/media\/48256"}],"wp:attachment":[{"href":"https:\/\/elreporterohgo.com\/noticias\/wp-json\/wp\/v2\/media?parent=48255"}],"wp:term":[{"taxonomy":"category","embeddable":true,"href":"https:\/\/elreporterohgo.com\/noticias\/wp-json\/wp\/v2\/categories?post=48255"},{"taxonomy":"post_tag","embeddable":true,"href":"https:\/\/elreporterohgo.com\/noticias\/wp-json\/wp\/v2\/tags?post=48255"}],"curies":[{"name":"wp","href":"https:\/\/api.w.org\/{rel}","templated":true}]}}