{"id":48239,"date":"2022-04-16T14:26:14","date_gmt":"2022-04-16T19:26:14","guid":{"rendered":"https:\/\/elreporterohgo.com\/noticias\/?p=48239"},"modified":"2022-04-16T14:26:15","modified_gmt":"2022-04-16T19:26:15","slug":"la-zona-del-altiplano-de-hidalgo-necesita-impulso-porque-ya-tiene-la-fuerza-del-trabajo-de-su-gente","status":"publish","type":"post","link":"https:\/\/elreporterohgo.com\/noticias\/2022\/04\/16\/la-zona-del-altiplano-de-hidalgo-necesita-impulso-porque-ya-tiene-la-fuerza-del-trabajo-de-su-gente\/","title":{"rendered":"\u201cLa zona del altiplano de Hidalgo necesita impulso, porque ya tiene la fuerza del trabajo de su gente\u00bb"},"content":{"rendered":"\n<figure class=\"wp-block-image\"><img fetchpriority=\"high\" decoding=\"async\" width=\"1024\" height=\"682\" src=\"https::\/\/elreporterohgo.com\/noticias\/wp-content\/uploads\/2022\/04\/WhatsApp-Image-2022-04-12-at-3.32.50-PM-1024x682.jpeg\" alt=\"\" class=\"wp-image-48240\" srcset=\"https:\/\/elreporterohgo.com\/noticias\/wp-content\/uploads\/2022\/04\/WhatsApp-Image-2022-04-12-at-3.32.50-PM-1024x682.jpeg 1024w, https:\/\/elreporterohgo.com\/noticias\/wp-content\/uploads\/2022\/04\/WhatsApp-Image-2022-04-12-at-3.32.50-PM-300x200.jpeg 300w, https:\/\/elreporterohgo.com\/noticias\/wp-content\/uploads\/2022\/04\/WhatsApp-Image-2022-04-12-at-3.32.50-PM-768x512.jpeg 768w, https:\/\/elreporterohgo.com\/noticias\/wp-content\/uploads\/2022\/04\/WhatsApp-Image-2022-04-12-at-3.32.50-PM.jpeg 1280w\" sizes=\"(max-width: 1024px) 100vw, 1024px\" \/><\/figure>\n\n\n\n<figure class=\"wp-block-image\"><img decoding=\"async\" width=\"1024\" height=\"682\" src=\"https::\/\/elreporterohgo.com\/noticias\/wp-content\/uploads\/2022\/04\/WhatsApp-Image-2022-04-13-at-2.50.34-PM-1024x682.jpeg\" alt=\"\" class=\"wp-image-48241\" srcset=\"https:\/\/elreporterohgo.com\/noticias\/wp-content\/uploads\/2022\/04\/WhatsApp-Image-2022-04-13-at-2.50.34-PM-1024x682.jpeg 1024w, https:\/\/elreporterohgo.com\/noticias\/wp-content\/uploads\/2022\/04\/WhatsApp-Image-2022-04-13-at-2.50.34-PM-300x200.jpeg 300w, https:\/\/elreporterohgo.com\/noticias\/wp-content\/uploads\/2022\/04\/WhatsApp-Image-2022-04-13-at-2.50.34-PM-768x512.jpeg 768w, https:\/\/elreporterohgo.com\/noticias\/wp-content\/uploads\/2022\/04\/WhatsApp-Image-2022-04-13-at-2.50.34-PM.jpeg 1280w\" sizes=\"(max-width: 1024px) 100vw, 1024px\" \/><\/figure>\n\n\n\n<p>Francisco Xavier recorri\u00f3 Apan<\/p>\n\n\n\n<p><strong>Apan, Hidalgo.- L<\/strong>as oportunidades para los peque\u00f1os y\nmedianos empresarios, son pr\u00e1cticamente inexistentes, pero con el impulso de\nprogramas de cr\u00e9ditos y las bases de la capacitaci\u00f3n para el crecimiento\nemprendedor, la oferta y demanda de productos, as\u00ed como el alza en la econom\u00eda,\nllegar\u00e1 al Estado, afirm\u00f3 Francisco Xavier Berganza Escorza, candidato a la\ngubernatura por Movimiento Ciudadano (MC), en su visita al municipio de Apan.<\/p>\n\n\n\n<p>\u201cEsta zona de nuestro estado necesita\nimpulso, porque la fuerza del trabajo de su gente ya la tiene, pero falta el\napoyo del gobierno con el recurso y la capacitaci\u00f3n que permita que todos\nustedes lleven el sustento a sus familias y de paso, fortalezcan la producci\u00f3n\nde la regi\u00f3n\u201d.<\/p>\n\n\n\n<p>En este sentido, Francisco Xavier\ndestac\u00f3 que la construcci\u00f3n de infraestructura carretera, es una de las grandes\nmetas que propone este gobierno de alternancia. \u201cS\u00e9 que faltan las v\u00edas\nadecuadas, no hay suficiente agua, no hay atenci\u00f3n a los micro empresarios, no\nhay seguridad, pero con este movimiento, con su apoyo en las urnas y con la\nvoluntad del trabajo honesto, llegaremos muy lejos. Hidalgo ser\u00e1 una zona tur\u00edstica\nprestigiada, por excelencia\u201d.<\/p>\n\n\n\n<p>El candidato de Movimiento Ciudadano\nasegur\u00f3 que entre sus propuestas se encuentran el crecimiento de las peque\u00f1as y\nmedianas empresas, as\u00ed como la detonaci\u00f3n del turismo, el trabajo y por supuesto\nla seguridad. \u00abVoten por estas oportunidades, voten por la verdadera\ntransformaci\u00f3n, porque al campo le vaya bien\u201d.<\/p>\n\n\n\n<p>Por \u00faltimo, en su recorrido por el\ntianguis de Apan, \u201cEl Cantante\u201d manifest\u00f3 que&nbsp;\nluchar\u00e1 incansablemente porque los productores del campo tengan la\ncerteza jur\u00eddica de sus propiedades. \u201cHidalgo nos necesita, no se dejen enga\u00f1ar.\nLa regularizaci\u00f3n de las tierras es algo que tengo muy presente. Porque no\npuede ser posible que el campo siga sin atenci\u00f3n y sin recursos, tenemos una\nproducci\u00f3n rica en cebada, que es un gran detonante econ\u00f3mico, siempre y cuando\nle toque la ganancia al verdadero productor y no al que se la pasa rob\u00e1ndole\nsus oportunidades\u201d, finaliz\u00f3.<\/p>\n","protected":false},"excerpt":{"rendered":"<p>Francisco Xavier recorri\u00f3 Apan Apan, Hidalgo.- Las oportunidades para los peque\u00f1os y medianos empresarios, son pr\u00e1cticamente inexistentes, pero con el impulso de programas de cr\u00e9ditos y las bases de la capacitaci\u00f3n para el crecimiento emprendedor, la oferta y demanda de productos, as\u00ed como el alza en la econom\u00eda, llegar\u00e1 al Estado, afirm\u00f3 Francisco Xavier Berganza<\/p>\n","protected":false},"author":2,"featured_media":48241,"comment_status":"open","ping_status":"closed","sticky":false,"template":"","format":"standard","meta":{"footnotes":""},"categories":[10],"tags":[],"class_list":{"0":"post-48239","1":"post","2":"type-post","3":"status-publish","4":"format-standard","5":"has-post-thumbnail","7":"category-hidalgo"},"_links":{"self":[{"href":"https:\/\/elreporterohgo.com\/noticias\/wp-json\/wp\/v2\/posts\/48239","targetHints":{"allow":["GET"]}}],"collection":[{"href":"https:\/\/elreporterohgo.com\/noticias\/wp-json\/wp\/v2\/posts"}],"about":[{"href":"https:\/\/elreporterohgo.com\/noticias\/wp-json\/wp\/v2\/types\/post"}],"author":[{"embeddable":true,"href":"https:\/\/elreporterohgo.com\/noticias\/wp-json\/wp\/v2\/users\/2"}],"replies":[{"embeddable":true,"href":"https:\/\/elreporterohgo.com\/noticias\/wp-json\/wp\/v2\/comments?post=48239"}],"version-history":[{"count":1,"href":"https:\/\/elreporterohgo.com\/noticias\/wp-json\/wp\/v2\/posts\/48239\/revisions"}],"predecessor-version":[{"id":48242,"href":"https:\/\/elreporterohgo.com\/noticias\/wp-json\/wp\/v2\/posts\/48239\/revisions\/48242"}],"wp:featuredmedia":[{"embeddable":true,"href":"https:\/\/elreporterohgo.com\/noticias\/wp-json\/wp\/v2\/media\/48241"}],"wp:attachment":[{"href":"https:\/\/elreporterohgo.com\/noticias\/wp-json\/wp\/v2\/media?parent=48239"}],"wp:term":[{"taxonomy":"category","embeddable":true,"href":"https:\/\/elreporterohgo.com\/noticias\/wp-json\/wp\/v2\/categories?post=48239"},{"taxonomy":"post_tag","embeddable":true,"href":"https:\/\/elreporterohgo.com\/noticias\/wp-json\/wp\/v2\/tags?post=48239"}],"curies":[{"name":"wp","href":"https:\/\/api.w.org\/{rel}","templated":true}]}}