{"id":48223,"date":"2022-04-16T10:34:00","date_gmt":"2022-04-16T15:34:00","guid":{"rendered":"https:\/\/elreporterohgo.com\/noticias\/?p=48223"},"modified":"2022-04-16T10:34:01","modified_gmt":"2022-04-16T15:34:01","slug":"reconocimiento-a-la-innovacion-gubernamental","status":"publish","type":"post","link":"https:\/\/elreporterohgo.com\/noticias\/2022\/04\/16\/reconocimiento-a-la-innovacion-gubernamental\/","title":{"rendered":"Reconocimiento a la Innovaci\u00f3n Gubernamental"},"content":{"rendered":"\n<figure class=\"wp-block-image\"><img fetchpriority=\"high\" decoding=\"async\" width=\"1024\" height=\"576\" src=\"https::\/\/elreporterohgo.com\/noticias\/wp-content\/uploads\/2022\/04\/unnamed-1024x576.jpg\" alt=\"\" class=\"wp-image-48224\" srcset=\"https:\/\/elreporterohgo.com\/noticias\/wp-content\/uploads\/2022\/04\/unnamed-1024x576.jpg 1024w, https:\/\/elreporterohgo.com\/noticias\/wp-content\/uploads\/2022\/04\/unnamed-300x169.jpg 300w, https:\/\/elreporterohgo.com\/noticias\/wp-content\/uploads\/2022\/04\/unnamed-768x432.jpg 768w, https:\/\/elreporterohgo.com\/noticias\/wp-content\/uploads\/2022\/04\/unnamed.jpg 1280w\" sizes=\"(max-width: 1024px) 100vw, 1024px\" \/><\/figure>\n\n\n\n<p><strong>TARJETA\nINFORMATIVA<\/strong><\/p>\n\n\n\n<ul class=\"wp-block-list\"><li>Pachuca,\nHgo.- Se\ncomunica que se ha determinado ampliar la fecha de cierre del registro para el\nReconocimiento a la Innovaci\u00f3n Gubernamental (RIG) en su edici\u00f3n 2022, hasta el\nd\u00eda martes 19 de abril del a\u00f1o en curso.<\/li><\/ul>\n\n\n\n<ul class=\"wp-block-list\"><li>Diversas instituciones de los tres poderes de\ngobierno, administraciones municipales, entidades para estatales, \u00f3rganos\ndesconcentrados y aut\u00f3nomos participar\u00e1n en el RIG 2022 despu\u00e9s de dos a\u00f1os de\nno haberse realizado por la pandemia del Covid-19.<\/li><\/ul>\n\n\n\n<ul class=\"wp-block-list\"><li>Cabe recordar que este galard\u00f3n busca\nfomentar la innovaci\u00f3n a trav\u00e9s de la mejora continua y el trabajo en equipo de\nlos servidores p\u00fablicos, que contribuyan al fortalecimiento de las\ninstituciones p\u00fablicas. As\u00ed como implementar acciones vinculantes entre los 17\nObjetivos de Desarrollo Sostenible y los temas centrales que dan origen a las\npol\u00edticas sectoriales.<\/li><\/ul>\n\n\n\n<ul class=\"wp-block-list\"><li>Las distintas categor\u00edas son: gobierno\nestatal; gobierno municipal; y entidades paraestatales de la administraci\u00f3n\np\u00fablica estatal, \u00f3rganos desconcentrados y \u00f3rganos aut\u00f3nomos del estado.<\/li><\/ul>\n\n\n\n<ul class=\"wp-block-list\"><li>Las propuestas podr\u00e1n registrarse hasta esta\nnueva fecha a trav\u00e9s del siguiente enlace: https::\/\/rig.hidalgo.gob.mx.<\/li><\/ul>\n","protected":false},"excerpt":{"rendered":"<p>TARJETA INFORMATIVA Pachuca, Hgo.- Se comunica que se ha determinado ampliar la fecha de cierre del registro para el Reconocimiento a la Innovaci\u00f3n Gubernamental (RIG) en su edici\u00f3n 2022, hasta el d\u00eda martes 19 de abril del a\u00f1o en curso. Diversas instituciones de los tres poderes de gobierno, administraciones municipales, entidades para estatales, \u00f3rganos desconcentrados<\/p>\n","protected":false},"author":2,"featured_media":48224,"comment_status":"open","ping_status":"closed","sticky":false,"template":"","format":"standard","meta":{"footnotes":""},"categories":[10],"tags":[],"class_list":{"0":"post-48223","1":"post","2":"type-post","3":"status-publish","4":"format-standard","5":"has-post-thumbnail","7":"category-hidalgo"},"_links":{"self":[{"href":"https:\/\/elreporterohgo.com\/noticias\/wp-json\/wp\/v2\/posts\/48223","targetHints":{"allow":["GET"]}}],"collection":[{"href":"https:\/\/elreporterohgo.com\/noticias\/wp-json\/wp\/v2\/posts"}],"about":[{"href":"https:\/\/elreporterohgo.com\/noticias\/wp-json\/wp\/v2\/types\/post"}],"author":[{"embeddable":true,"href":"https:\/\/elreporterohgo.com\/noticias\/wp-json\/wp\/v2\/users\/2"}],"replies":[{"embeddable":true,"href":"https:\/\/elreporterohgo.com\/noticias\/wp-json\/wp\/v2\/comments?post=48223"}],"version-history":[{"count":1,"href":"https:\/\/elreporterohgo.com\/noticias\/wp-json\/wp\/v2\/posts\/48223\/revisions"}],"predecessor-version":[{"id":48225,"href":"https:\/\/elreporterohgo.com\/noticias\/wp-json\/wp\/v2\/posts\/48223\/revisions\/48225"}],"wp:featuredmedia":[{"embeddable":true,"href":"https:\/\/elreporterohgo.com\/noticias\/wp-json\/wp\/v2\/media\/48224"}],"wp:attachment":[{"href":"https:\/\/elreporterohgo.com\/noticias\/wp-json\/wp\/v2\/media?parent=48223"}],"wp:term":[{"taxonomy":"category","embeddable":true,"href":"https:\/\/elreporterohgo.com\/noticias\/wp-json\/wp\/v2\/categories?post=48223"},{"taxonomy":"post_tag","embeddable":true,"href":"https:\/\/elreporterohgo.com\/noticias\/wp-json\/wp\/v2\/tags?post=48223"}],"curies":[{"name":"wp","href":"https:\/\/api.w.org\/{rel}","templated":true}]}}