{"id":48214,"date":"2022-04-15T23:48:48","date_gmt":"2022-04-16T04:48:48","guid":{"rendered":"https:\/\/elreporterohgo.com\/noticias\/?p=48214"},"modified":"2022-04-15T23:48:50","modified_gmt":"2022-04-16T04:48:50","slug":"vacunacion-covid-requisitos-del-imss-e-issste-para-recibir-dosis","status":"publish","type":"post","link":"https:\/\/elreporterohgo.com\/noticias\/2022\/04\/15\/vacunacion-covid-requisitos-del-imss-e-issste-para-recibir-dosis\/","title":{"rendered":"Vacunaci\u00f3n COVID: requisitos del IMSS e ISSSTE para recibir dosis"},"content":{"rendered":"\n<p>Los centros de salud del Instituto Mexicano del Seguro Social (<strong>IMSS<\/strong>) y el Instituto de Seguridad y Servicios Sociales para los Trabajadores del Estado (<strong>ISSSTE<\/strong>) ahora ser\u00e1n las sedes a donde podr\u00e1s acudir, pues tendr\u00e1n jornadas de vacunaci\u00f3n COVID; conoce cu\u00e1les son los requisitos para vacunarse contra esta enfermedad.<\/p>\n\n\n\n<p>A trav\u00e9s de un&nbsp;<a href=\"https:s:\/\/www.imss.gob.mx\/prensa\/archivo\/202204\/177\" target=\"_blank\" rel=\"noreferrer noopener\">comunicado&nbsp;<\/a>, el&nbsp;<strong>IMSS<\/strong>&nbsp;dio a conocer que a partir de abril, junto con el Gobierno Federal, lleva a cabo una campa\u00f1a intensiva de vacunaci\u00f3n contra COVID-19 en diversas Unidades M\u00e9dicas del Instituto en todo el pa\u00eds, con el prop\u00f3sito de vacunar a la poblaci\u00f3n mayor de 18 a\u00f1os que no haya recibido alguna dosis contra esta enfermedad, aquellas que requieran completar su esquema o recibir el refuerzo de la tercera dosis. La vacuna que se aplicar\u00e1 ser\u00e1 AstraZeneca.<\/p>\n\n\n\n<h2 class=\"wp-block-heading\">\u00bfCu\u00e1les son los requisitos para vacunarse contra la COVID-19 en el IMSS e ISSTE?<\/h2>\n\n\n\n<ul class=\"wp-block-list\"><li>Cualquier persona podr\u00e1 acudir a solicitar la dosis que necesite, siempre y cuando haya pasado la cantidad m\u00ednima de 4 meses entre las dosis.<\/li><li>No es necesario llevar alguna documentaci\u00f3n<\/li><li>No es necesaria realizar una cita<\/li><li>No ser\u00e1 necesario el expediente de vacunaci\u00f3n<\/li><\/ul>\n\n\n\n<p><strong>ISSSTE instala 236 puntos de vacunaci\u00f3n COVID-19: D\u00f3nde y cu\u00e1ndo<\/strong><\/p>\n\n\n\n<p>Luego de que el presidente Andr\u00e9s Manuel L\u00f3pez Obrador (AMLO) informara que en abril se cerrar\u00eda la campa\u00f1a de&nbsp;<strong>vacunaci\u00f3n COVID<\/strong>, el&nbsp;<strong>ISSSTE<\/strong>&nbsp;comunic\u00f3 que&nbsp;<a href=\"https:s:\/\/www.gob.mx\/issste\/prensa\/instala-issste-236-puntos-de-vacunacion-contra-covid-19-en-el-pais?state=published&amp;fireglass_rsn=true#fireglass_params&amp;tabid=a5bbdc4076c68b0c&amp;start_with_session_counter=2&amp;application_server_address=isolation1-us-west-2.wss.prod.fire.glass\" target=\"_blank\" rel=\"noreferrer noopener\">instal\u00f3 236 puntos&nbsp;<\/a>para aplicar las dosis faltantes en todo el pa\u00eds.<\/p>\n\n\n\n<p>El instituto de salud hizo un llamado a las y los mexicanos que no cuenten con el esquema completo de las dos dosis y el refuerzo a que acudan a la instituci\u00f3n de salud que le corresponde para recibir el biol\u00f3gico que le haga falta. <\/p>\n\n\n\n<figure class=\"wp-block-image\"><img fetchpriority=\"high\" decoding=\"async\" width=\"575\" height=\"1024\" src=\"https::\/\/elreporterohgo.com\/noticias\/wp-content\/uploads\/2022\/04\/WhatsApp-Image-2022-02-04-at-9.56.01-PM-6-1-575x1024.jpeg\" alt=\"\" class=\"wp-image-48215\" srcset=\"https:\/\/elreporterohgo.com\/noticias\/wp-content\/uploads\/2022\/04\/WhatsApp-Image-2022-02-04-at-9.56.01-PM-6-1-575x1024.jpeg 575w, https:\/\/elreporterohgo.com\/noticias\/wp-content\/uploads\/2022\/04\/WhatsApp-Image-2022-02-04-at-9.56.01-PM-6-1-169x300.jpeg 169w, https:\/\/elreporterohgo.com\/noticias\/wp-content\/uploads\/2022\/04\/WhatsApp-Image-2022-02-04-at-9.56.01-PM-6-1.jpeg 719w\" sizes=\"(max-width: 575px) 100vw, 575px\" \/><\/figure>\n\n\n\n<p><br><\/p>\n","protected":false},"excerpt":{"rendered":"<p>Los centros de salud del Instituto Mexicano del Seguro Social (IMSS) y el Instituto de Seguridad y Servicios Sociales para los Trabajadores del Estado (ISSSTE) ahora ser\u00e1n las sedes a donde podr\u00e1s acudir, pues tendr\u00e1n jornadas de vacunaci\u00f3n COVID; conoce cu\u00e1les son los requisitos para vacunarse contra esta enfermedad. A trav\u00e9s de un&nbsp;comunicado&nbsp;, el&nbsp;IMSS&nbsp;dio a<\/p>\n","protected":false},"author":2,"featured_media":48215,"comment_status":"open","ping_status":"closed","sticky":false,"template":"","format":"standard","meta":{"footnotes":""},"categories":[10],"tags":[],"class_list":{"0":"post-48214","1":"post","2":"type-post","3":"status-publish","4":"format-standard","5":"has-post-thumbnail","7":"category-hidalgo"},"_links":{"self":[{"href":"https:\/\/elreporterohgo.com\/noticias\/wp-json\/wp\/v2\/posts\/48214","targetHints":{"allow":["GET"]}}],"collection":[{"href":"https:\/\/elreporterohgo.com\/noticias\/wp-json\/wp\/v2\/posts"}],"about":[{"href":"https:\/\/elreporterohgo.com\/noticias\/wp-json\/wp\/v2\/types\/post"}],"author":[{"embeddable":true,"href":"https:\/\/elreporterohgo.com\/noticias\/wp-json\/wp\/v2\/users\/2"}],"replies":[{"embeddable":true,"href":"https:\/\/elreporterohgo.com\/noticias\/wp-json\/wp\/v2\/comments?post=48214"}],"version-history":[{"count":1,"href":"https:\/\/elreporterohgo.com\/noticias\/wp-json\/wp\/v2\/posts\/48214\/revisions"}],"predecessor-version":[{"id":48216,"href":"https:\/\/elreporterohgo.com\/noticias\/wp-json\/wp\/v2\/posts\/48214\/revisions\/48216"}],"wp:featuredmedia":[{"embeddable":true,"href":"https:\/\/elreporterohgo.com\/noticias\/wp-json\/wp\/v2\/media\/48215"}],"wp:attachment":[{"href":"https:\/\/elreporterohgo.com\/noticias\/wp-json\/wp\/v2\/media?parent=48214"}],"wp:term":[{"taxonomy":"category","embeddable":true,"href":"https:\/\/elreporterohgo.com\/noticias\/wp-json\/wp\/v2\/categories?post=48214"},{"taxonomy":"post_tag","embeddable":true,"href":"https:\/\/elreporterohgo.com\/noticias\/wp-json\/wp\/v2\/tags?post=48214"}],"curies":[{"name":"wp","href":"https:\/\/api.w.org\/{rel}","templated":true}]}}