{"id":48207,"date":"2022-04-15T13:01:17","date_gmt":"2022-04-15T18:01:17","guid":{"rendered":"https:\/\/elreporterohgo.com\/noticias\/?p=48207"},"modified":"2022-04-15T13:01:18","modified_gmt":"2022-04-15T18:01:18","slug":"tres-sujetos-detenidos-con-un-revolver","status":"publish","type":"post","link":"https:\/\/elreporterohgo.com\/noticias\/2022\/04\/15\/tres-sujetos-detenidos-con-un-revolver\/","title":{"rendered":"Tres sujetos detenidos con un revolver"},"content":{"rendered":"\n<figure class=\"wp-block-image\"><img fetchpriority=\"high\" decoding=\"async\" width=\"495\" height=\"282\" src=\"https::\/\/elreporterohgo.com\/noticias\/wp-content\/uploads\/2022\/04\/916ba557-1aa6-49b6-ba39-905e2d743a29-2.jpg\" alt=\"\" class=\"wp-image-48208\" srcset=\"https:\/\/elreporterohgo.com\/noticias\/wp-content\/uploads\/2022\/04\/916ba557-1aa6-49b6-ba39-905e2d743a29-2.jpg 495w, https:\/\/elreporterohgo.com\/noticias\/wp-content\/uploads\/2022\/04\/916ba557-1aa6-49b6-ba39-905e2d743a29-2-300x171.jpg 300w\" sizes=\"(max-width: 495px) 100vw, 495px\" \/><\/figure>\n\n\n\n<p>Puestos a\ndisposici\u00f3n del MP Federal<\/p>\n\n\n\n<p>TEPEAPULCO,\nHGO.- Tres ocupantes de un autom\u00f3vil ne\u00f3n, la noche de ayer, fueron puestos a\ndisposici\u00f3n del agente del Ministerio P\u00fablico Federal para que respondan por la\nportaci\u00f3n de un arma de fuego.<\/p>\n\n\n\n<p>Oficiales de\nSeguridad Municipal establecieron que, aproximadamente a las 21:20 horas de\nayer, detectaron un coche sospechoso en la carretera federal Ciudad Sahag\u00fan-Emiliano\nZapata, a la altura de la colonia Villas de Sahag\u00fan.<\/p>\n\n\n\n<p>Procedieron\na revisar el veh\u00edculo Chrysler Ne\u00f3n, color rojo, modelo 1995, en la parte trasera\nhallaron una pistola, tipo revolver, calibre 38 especial, abastecida con 5\ncartuchos \u00fatiles y 1 casquillo percutido.<\/p>\n\n\n\n<p>Quedaron\ndetenidos Juan Ram\u00f3n \u201cN\u201d, Jos\u00e9 Mar\u00eda \u201cN\u201d y Jorge Luis \u201cN\u201d de 35, 25 y 32 a\u00f1os\nde edad, respectivamente, asimismo aseguraron el referido veh\u00edculo y el arma\npara ponerlos a disposici\u00f3n del agente del Ministerio P\u00fablico de la federaci\u00f3n.<\/p>\n","protected":false},"excerpt":{"rendered":"<p>Puestos a disposici\u00f3n del MP Federal TEPEAPULCO, HGO.- Tres ocupantes de un autom\u00f3vil ne\u00f3n, la noche de ayer, fueron puestos a disposici\u00f3n del agente del Ministerio P\u00fablico Federal para que respondan por la portaci\u00f3n de un arma de fuego. Oficiales de Seguridad Municipal establecieron que, aproximadamente a las 21:20 horas de ayer, detectaron un coche<\/p>\n","protected":false},"author":2,"featured_media":48208,"comment_status":"open","ping_status":"closed","sticky":false,"template":"","format":"standard","meta":{"footnotes":""},"categories":[10],"tags":[],"class_list":{"0":"post-48207","1":"post","2":"type-post","3":"status-publish","4":"format-standard","5":"has-post-thumbnail","7":"category-hidalgo"},"_links":{"self":[{"href":"https:\/\/elreporterohgo.com\/noticias\/wp-json\/wp\/v2\/posts\/48207","targetHints":{"allow":["GET"]}}],"collection":[{"href":"https:\/\/elreporterohgo.com\/noticias\/wp-json\/wp\/v2\/posts"}],"about":[{"href":"https:\/\/elreporterohgo.com\/noticias\/wp-json\/wp\/v2\/types\/post"}],"author":[{"embeddable":true,"href":"https:\/\/elreporterohgo.com\/noticias\/wp-json\/wp\/v2\/users\/2"}],"replies":[{"embeddable":true,"href":"https:\/\/elreporterohgo.com\/noticias\/wp-json\/wp\/v2\/comments?post=48207"}],"version-history":[{"count":1,"href":"https:\/\/elreporterohgo.com\/noticias\/wp-json\/wp\/v2\/posts\/48207\/revisions"}],"predecessor-version":[{"id":48209,"href":"https:\/\/elreporterohgo.com\/noticias\/wp-json\/wp\/v2\/posts\/48207\/revisions\/48209"}],"wp:featuredmedia":[{"embeddable":true,"href":"https:\/\/elreporterohgo.com\/noticias\/wp-json\/wp\/v2\/media\/48208"}],"wp:attachment":[{"href":"https:\/\/elreporterohgo.com\/noticias\/wp-json\/wp\/v2\/media?parent=48207"}],"wp:term":[{"taxonomy":"category","embeddable":true,"href":"https:\/\/elreporterohgo.com\/noticias\/wp-json\/wp\/v2\/categories?post=48207"},{"taxonomy":"post_tag","embeddable":true,"href":"https:\/\/elreporterohgo.com\/noticias\/wp-json\/wp\/v2\/tags?post=48207"}],"curies":[{"name":"wp","href":"https:\/\/api.w.org\/{rel}","templated":true}]}}