{"id":48194,"date":"2022-04-15T11:43:00","date_gmt":"2022-04-15T16:43:00","guid":{"rendered":"https:\/\/elreporterohgo.com\/noticias\/?p=48194"},"modified":"2022-04-15T11:43:01","modified_gmt":"2022-04-15T16:43:01","slug":"%ef%bb%bfeste-5-de-junio-vamos-a-sacar-al-pri-de-hidalgo-menchaca-salazar","status":"publish","type":"post","link":"https:\/\/elreporterohgo.com\/noticias\/2022\/04\/15\/%ef%bb%bfeste-5-de-junio-vamos-a-sacar-al-pri-de-hidalgo-menchaca-salazar\/","title":{"rendered":"\ufeffEste 5 de junio, vamos a sacar al PRI de Hidalgo: Menchaca Salazar"},"content":{"rendered":"\n<p><strong>Este 5\nde junio, vamos a sacar al PRI de Hidalgo: Menchaca Salazar<\/strong><\/p>\n\n\n\n<figure class=\"wp-block-image\"><img fetchpriority=\"high\" decoding=\"async\" width=\"1024\" height=\"682\" src=\"https::\/\/elreporterohgo.com\/noticias\/wp-content\/uploads\/2022\/04\/6490e055-c753-4447-8b4b-e37f3b3c9ed6-1024x682.jpg\" alt=\"\" class=\"wp-image-48195\" srcset=\"https:\/\/elreporterohgo.com\/noticias\/wp-content\/uploads\/2022\/04\/6490e055-c753-4447-8b4b-e37f3b3c9ed6-1024x682.jpg 1024w, https:\/\/elreporterohgo.com\/noticias\/wp-content\/uploads\/2022\/04\/6490e055-c753-4447-8b4b-e37f3b3c9ed6-300x200.jpg 300w, https:\/\/elreporterohgo.com\/noticias\/wp-content\/uploads\/2022\/04\/6490e055-c753-4447-8b4b-e37f3b3c9ed6-768x512.jpg 768w, https:\/\/elreporterohgo.com\/noticias\/wp-content\/uploads\/2022\/04\/6490e055-c753-4447-8b4b-e37f3b3c9ed6.jpg 1280w\" sizes=\"(max-width: 1024px) 100vw, 1024px\" \/><\/figure>\n\n\n\n<ul class=\"wp-block-list\"><li>Los hidalguenses no debemos confiarnos,\nporque nos puede salir caro <\/li><\/ul>\n\n\n\n<p><strong>Mineral de la Reforma, Hidalgo.- <\/strong>&nbsp;\u201cEste pr\u00f3ximo 5 de junio, no debemos\nconfiarnos porque nos puede salir caro a las y los hidalguenses\u201d, se\u00f1al\u00f3 el\ncandidato a la gubernatura de \u201cJuntos Hacemos Historia\u201d, Julio Menchaca\nSalazar.<\/p>\n\n\n\n<p>\u201cLos vamos a sacar,\nporque hay confianza, pero tenemos que reforzar el trabajo, con firmeza, esfuerzo,\ntocando puertas y corazones, para que las pr\u00f3ximas elecciones las ganemos\u201d, sostuvo.<\/p>\n\n\n\n<p>En presencia de\npersonas con discapacidad, ind\u00edgenas y representantes del sector de la\ndiversidad sexual, Julio Menchaca resalt\u00f3 que, como mandatario estatal,\nutilizar\u00e1 de manera correcta los recursos p\u00fablicos<strong>, <\/strong>que ya no ir\u00e1n a parar al bolsillo de unos pocos y beneficiar\u00e1n a\nquienes m\u00e1s lo necesitan.<\/p>\n\n\n\n<p>Refiri\u00f3 que el\ngobierno que encabezar\u00e1 ser\u00e1 austero, sin lujos y sin los derroches econ\u00f3micos\nque siempre han tenido como costumbre los gobernantes.<\/p>\n\n\n\n<p>En el encuentro que\nse llev\u00f3 a cabo en el Sal\u00f3n Macros, del municipio de Mineral de la Reforma, el\naspirante a la gubernatura del estado refrend\u00f3 su compromiso de apoyar al\nsector educativo y al sector salud, entre otros prioritarios.<\/p>\n\n\n\n<p>Destac\u00f3 que la\neducaci\u00f3n es la palanca del desarrollo en el estado.&nbsp; Dijo que su gobiernocombatir\u00e1 la inseguridad y corrupci\u00f3n.<\/p>\n\n\n\n<p>Ante m\u00e1s de dos mil\npersonas de diferentes sectores de la sociedad civil, el candidato se\ncomprometi\u00f3 a trabajar para mejorar las carreteras, \u201custedes vienen de\ncomunidades en donde es imposible transitar por los caminos, ya basta de\npromesas falsas\u201d.<\/p>\n\n\n\n<p>Afirm\u00f3 que, en este\nmovimiento que encabeza y que est\u00e1 conformado por Morena, PT y Nueva Alianza\nHidalgo, hay j\u00f3venes, mujeres, adultos, representantes del sector de la diversidad\nsexual, ind\u00edgenas, estudiantes, deportistas, obreros, campesinos y comerciantes\nque abrazan la esperanza del cambio. \u201ctengan confianza, aqu\u00ed est\u00e1 representada parte\nde la patria, con liderazgos, porque todos ustedes son l\u00edderes\u201d.<\/p>\n\n\n\n<p>Julio Menchaca\npuntualiz\u00f3 que el pueblo es quien pone y dispone, \u201cya lo vimos en d\u00edas pasados,\nse demostr\u00f3 que Hidalgo est\u00e1 con el Presidente\u201d.&nbsp; Igualmente, record\u00f3 que en las encuestas se\nencuentra 2 a 1, en las preferencias electorales, \u201cno vamos a confiarnos, el\nreto es llegar 4 a 1\u201d.<\/p>\n\n\n\n<p>En tanto, Damaris\nAcosta Vidal, coordinadora estatal del Segmento de Personas con una Discapacidad,\nmanifest\u00f3 que quiere un gobierno que tome en cuenta a este sector de la\npoblaci\u00f3n, \u201cporque la esperanza llega cuando la apat\u00eda se quita. Juntos\nlevantemos la voz, porque nos sentimos abrazados por su candidatura\u201d.<\/p>\n\n\n\n<p>Por su parte, Yesica\nFelipe Jos\u00e9, enlace municipal del Segmento Ind\u00edgenas, extern\u00f3: \u201cEste 5 de\njunio, Julio Menchaca va a ser gobernador y apoyar\u00e1 al sector ind\u00edgena\u201d.<\/p>\n\n\n\n<p>Andr\u00e9s Verdsain\nL\u00f3pez, coordinador del Segmento de Diversidad Sexual coment\u00f3: \u201cYa basta de\nmalas pr\u00e1cticas por parte de los gobernantes, con Julio Menchaca tendremos la\nalternancia y un aliado en la lucha por nuestros derechos, con puertas abiertas\nhacia la inclusi\u00f3n\u201d.<\/p>\n\n\n\n<p>Acompa\u00f1aron a Julio\nMenchaca en esta actividad proselitista, la presidenta del Comit\u00e9 Ejecutivo\nEstatal de Morena, Sandra Alicia Ord\u00f3\u00f1ez P\u00e9rez; el presidente del Comit\u00e9\nEjecutivo Estatal del Partido Nueva Alianza Hidalgo, Sergio Hern\u00e1ndez Hern\u00e1ndez\ny el coordinador general de los trabajos de campa\u00f1a, Natividad Castrej\u00f3n\nValdez.<\/p>\n","protected":false},"excerpt":{"rendered":"<p>Este 5 de junio, vamos a sacar al PRI de Hidalgo: Menchaca Salazar Los hidalguenses no debemos confiarnos, porque nos puede salir caro Mineral de la Reforma, Hidalgo.- &nbsp;\u201cEste pr\u00f3ximo 5 de junio, no debemos confiarnos porque nos puede salir caro a las y los hidalguenses\u201d, se\u00f1al\u00f3 el candidato a la gubernatura de \u201cJuntos Hacemos<\/p>\n","protected":false},"author":2,"featured_media":48195,"comment_status":"open","ping_status":"closed","sticky":false,"template":"","format":"standard","meta":{"footnotes":""},"categories":[10],"tags":[],"class_list":{"0":"post-48194","1":"post","2":"type-post","3":"status-publish","4":"format-standard","5":"has-post-thumbnail","7":"category-hidalgo"},"_links":{"self":[{"href":"https:\/\/elreporterohgo.com\/noticias\/wp-json\/wp\/v2\/posts\/48194","targetHints":{"allow":["GET"]}}],"collection":[{"href":"https:\/\/elreporterohgo.com\/noticias\/wp-json\/wp\/v2\/posts"}],"about":[{"href":"https:\/\/elreporterohgo.com\/noticias\/wp-json\/wp\/v2\/types\/post"}],"author":[{"embeddable":true,"href":"https:\/\/elreporterohgo.com\/noticias\/wp-json\/wp\/v2\/users\/2"}],"replies":[{"embeddable":true,"href":"https:\/\/elreporterohgo.com\/noticias\/wp-json\/wp\/v2\/comments?post=48194"}],"version-history":[{"count":1,"href":"https:\/\/elreporterohgo.com\/noticias\/wp-json\/wp\/v2\/posts\/48194\/revisions"}],"predecessor-version":[{"id":48196,"href":"https:\/\/elreporterohgo.com\/noticias\/wp-json\/wp\/v2\/posts\/48194\/revisions\/48196"}],"wp:featuredmedia":[{"embeddable":true,"href":"https:\/\/elreporterohgo.com\/noticias\/wp-json\/wp\/v2\/media\/48195"}],"wp:attachment":[{"href":"https:\/\/elreporterohgo.com\/noticias\/wp-json\/wp\/v2\/media?parent=48194"}],"wp:term":[{"taxonomy":"category","embeddable":true,"href":"https:\/\/elreporterohgo.com\/noticias\/wp-json\/wp\/v2\/categories?post=48194"},{"taxonomy":"post_tag","embeddable":true,"href":"https:\/\/elreporterohgo.com\/noticias\/wp-json\/wp\/v2\/tags?post=48194"}],"curies":[{"name":"wp","href":"https:\/\/api.w.org\/{rel}","templated":true}]}}