{"id":48188,"date":"2022-04-15T11:20:11","date_gmt":"2022-04-15T16:20:11","guid":{"rendered":"https:\/\/elreporterohgo.com\/noticias\/?p=48188"},"modified":"2022-04-15T11:20:12","modified_gmt":"2022-04-15T16:20:12","slug":"medio-ambiente-debe-ser-prioridad-para-el-gobierno-aseguro-lima-morales","status":"publish","type":"post","link":"https:\/\/elreporterohgo.com\/noticias\/2022\/04\/15\/medio-ambiente-debe-ser-prioridad-para-el-gobierno-aseguro-lima-morales\/","title":{"rendered":"\u00abMedio ambiente debe ser prioridad para el gobierno\u201d, asegur\u00f3 Lima Morales"},"content":{"rendered":"\n<figure class=\"wp-block-image\"><img fetchpriority=\"high\" decoding=\"async\" width=\"1024\" height=\"768\" src=\"https::\/\/elreporterohgo.com\/noticias\/wp-content\/uploads\/2022\/04\/7f8a134f-c2d4-4bfd-84f1-1f0415bcfc89-1024x768.jpg\" alt=\"\" class=\"wp-image-48189\" srcset=\"https:\/\/elreporterohgo.com\/noticias\/wp-content\/uploads\/2022\/04\/7f8a134f-c2d4-4bfd-84f1-1f0415bcfc89-1024x768.jpg 1024w, https:\/\/elreporterohgo.com\/noticias\/wp-content\/uploads\/2022\/04\/7f8a134f-c2d4-4bfd-84f1-1f0415bcfc89-300x225.jpg 300w, https:\/\/elreporterohgo.com\/noticias\/wp-content\/uploads\/2022\/04\/7f8a134f-c2d4-4bfd-84f1-1f0415bcfc89-768x576.jpg 768w, https:\/\/elreporterohgo.com\/noticias\/wp-content\/uploads\/2022\/04\/7f8a134f-c2d4-4bfd-84f1-1f0415bcfc89.jpg 1280w\" sizes=\"(max-width: 1024px) 100vw, 1024px\" \/><\/figure>\n\n\n\n<p>IXMIQUILPAN, Hgo.- De gira trabajo por Ixmiquilpan, el candidato a gobernador del Partido Verde Ecologista de M\u00e9xico (PVEM), Jos\u00e9 Luis Lima Morales destac\u00f3 su ascenso en las encuestas que se han difundido recientemente respecto de otros candidatos, \u201cempec\u00e9 con el .3 por ciento y hoy cuento con el 4 por ciento de preferencia electoral, esto se debe a que la gente est\u00e1 convencida de que el medio ambiente debe ser prioridad para el gobierno\u201d, asegur\u00f3 Lima Morales.<\/p>\n\n\n\n<p>Llam\u00f3 a la y los candidatos a dejar de lado las confrontaciones y ofrecer propuestas claras y concretas, \u201cno voy a atacar a ning\u00fan candidato, invito a las y los hidalguenses a analizar e investigar cada uno de los perfiles que hoy aspiran a la gubernatura de Hidalgo, desde las propuestas, hasta declaraciones patrimoniales y la forma en c\u00f3mo vivimos y se conduce nuestra familia\u201d, se\u00f1al\u00f3 el candidato del partido Verde. <\/p>\n\n\n\n<p>Consider\u00f3 que los eventos multitudinarios que muchos candidatos organizan impiden el acercamiento con las familias hidalguenses; por ello, explic\u00f3 que no realizar\u00e1 eventos masivos, \u201cquiero visitarlos de manera directa, conocer sus necesidades para que en unidad podamos transformar a nuestro estado\u201d, coment\u00f3 el candidato del PVEM, Jos\u00e9 Luis Lima. <\/p>\n\n\n\n<p>En este sentido, algunos vecinos expresaron su descontento por la falta de compromiso y abandono de las autoridades estatales, quienes s\u00f3lo han trabajado por impulsar el desarrollo en la capital hidalguense y no en el resto de las regiones de la entidad. <\/p>\n\n\n\n<p>Por lo que, Lima Morales aclar\u00f3 que acept\u00f3 el compromiso y reto de ser candidato a gobernador por el partido Verde, porque quiere encabezar una campa\u00f1a distinta que le permita conocer el sentir de manera directa de las familias hidalguenses.<\/p>\n\n\n\n<figure class=\"wp-block-image\"><img decoding=\"async\" width=\"1024\" height=\"403\" src=\"https::\/\/elreporterohgo.com\/noticias\/wp-content\/uploads\/2022\/04\/0b84b18e-8b00-410a-a376-5bcca512668b-23-1024x403.jpg\" alt=\"\" class=\"wp-image-48190\" srcset=\"https:\/\/elreporterohgo.com\/noticias\/wp-content\/uploads\/2022\/04\/0b84b18e-8b00-410a-a376-5bcca512668b-23-1024x403.jpg 1024w, https:\/\/elreporterohgo.com\/noticias\/wp-content\/uploads\/2022\/04\/0b84b18e-8b00-410a-a376-5bcca512668b-23-300x118.jpg 300w, https:\/\/elreporterohgo.com\/noticias\/wp-content\/uploads\/2022\/04\/0b84b18e-8b00-410a-a376-5bcca512668b-23-768x302.jpg 768w, https:\/\/elreporterohgo.com\/noticias\/wp-content\/uploads\/2022\/04\/0b84b18e-8b00-410a-a376-5bcca512668b-23.jpg 1080w\" sizes=\"(max-width: 1024px) 100vw, 1024px\" \/><\/figure>\n\n\n\n<figure class=\"wp-block-image\"><img decoding=\"async\" width=\"1024\" height=\"682\" src=\"https::\/\/elreporterohgo.com\/noticias\/wp-content\/uploads\/2022\/04\/d57c2aab-612d-444c-bcb2-7bb07e7b0e3f-1024x682.jpg\" alt=\"\" class=\"wp-image-48191\" srcset=\"https:\/\/elreporterohgo.com\/noticias\/wp-content\/uploads\/2022\/04\/d57c2aab-612d-444c-bcb2-7bb07e7b0e3f-1024x682.jpg 1024w, https:\/\/elreporterohgo.com\/noticias\/wp-content\/uploads\/2022\/04\/d57c2aab-612d-444c-bcb2-7bb07e7b0e3f-300x200.jpg 300w, https:\/\/elreporterohgo.com\/noticias\/wp-content\/uploads\/2022\/04\/d57c2aab-612d-444c-bcb2-7bb07e7b0e3f-768x511.jpg 768w, https:\/\/elreporterohgo.com\/noticias\/wp-content\/uploads\/2022\/04\/d57c2aab-612d-444c-bcb2-7bb07e7b0e3f.jpg 1280w\" sizes=\"(max-width: 1024px) 100vw, 1024px\" \/><\/figure>\n","protected":false},"excerpt":{"rendered":"<p>IXMIQUILPAN, Hgo.- De gira trabajo por Ixmiquilpan, el candidato a gobernador del Partido Verde Ecologista de M\u00e9xico (PVEM), Jos\u00e9 Luis Lima Morales destac\u00f3 su ascenso en las encuestas que se han difundido recientemente respecto de otros candidatos, \u201cempec\u00e9 con el .3 por ciento y hoy cuento con el 4 por ciento de preferencia electoral, esto<\/p>\n","protected":false},"author":2,"featured_media":48189,"comment_status":"open","ping_status":"closed","sticky":false,"template":"","format":"standard","meta":{"footnotes":""},"categories":[10],"tags":[],"class_list":{"0":"post-48188","1":"post","2":"type-post","3":"status-publish","4":"format-standard","5":"has-post-thumbnail","7":"category-hidalgo"},"_links":{"self":[{"href":"https:\/\/elreporterohgo.com\/noticias\/wp-json\/wp\/v2\/posts\/48188","targetHints":{"allow":["GET"]}}],"collection":[{"href":"https:\/\/elreporterohgo.com\/noticias\/wp-json\/wp\/v2\/posts"}],"about":[{"href":"https:\/\/elreporterohgo.com\/noticias\/wp-json\/wp\/v2\/types\/post"}],"author":[{"embeddable":true,"href":"https:\/\/elreporterohgo.com\/noticias\/wp-json\/wp\/v2\/users\/2"}],"replies":[{"embeddable":true,"href":"https:\/\/elreporterohgo.com\/noticias\/wp-json\/wp\/v2\/comments?post=48188"}],"version-history":[{"count":1,"href":"https:\/\/elreporterohgo.com\/noticias\/wp-json\/wp\/v2\/posts\/48188\/revisions"}],"predecessor-version":[{"id":48192,"href":"https:\/\/elreporterohgo.com\/noticias\/wp-json\/wp\/v2\/posts\/48188\/revisions\/48192"}],"wp:featuredmedia":[{"embeddable":true,"href":"https:\/\/elreporterohgo.com\/noticias\/wp-json\/wp\/v2\/media\/48189"}],"wp:attachment":[{"href":"https:\/\/elreporterohgo.com\/noticias\/wp-json\/wp\/v2\/media?parent=48188"}],"wp:term":[{"taxonomy":"category","embeddable":true,"href":"https:\/\/elreporterohgo.com\/noticias\/wp-json\/wp\/v2\/categories?post=48188"},{"taxonomy":"post_tag","embeddable":true,"href":"https:\/\/elreporterohgo.com\/noticias\/wp-json\/wp\/v2\/tags?post=48188"}],"curies":[{"name":"wp","href":"https:\/\/api.w.org\/{rel}","templated":true}]}}