{"id":48182,"date":"2022-04-14T23:22:08","date_gmt":"2022-04-15T04:22:08","guid":{"rendered":"https:\/\/elreporterohgo.com\/noticias\/?p=48182"},"modified":"2022-04-14T23:22:10","modified_gmt":"2022-04-15T04:22:10","slug":"anuncia-amlo-campana-de-vacunacion-universal-contra-covid-para-ninas-y-ninos","status":"publish","type":"post","link":"https:\/\/elreporterohgo.com\/noticias\/2022\/04\/14\/anuncia-amlo-campana-de-vacunacion-universal-contra-covid-para-ninas-y-ninos\/","title":{"rendered":"Anuncia AMLO campa\u00f1a de vacunaci\u00f3n universal contra Covid para ni\u00f1as y ni\u00f1os"},"content":{"rendered":"\n<p>El presidente L\u00f3pez Obrador se\u00f1al\u00f3 que se est\u00e1 solicitando que el lote de vacunas que fueron pagadas por anticipado al mecanismo Covax de la ONU sean las adecuadas para menores de edad.<\/p>\n\n\n\n<p>El presidente Andr\u00e9s Manuel L\u00f3pez Obrador anunci\u00f3 que al terminar este mes de abril el <strong>Plan Nacional de Vacunaci\u00f3n<\/strong> contra COVID 19, se iniciar\u00e1 con la <strong>inmunizaci\u00f3n universal\u00a0<\/strong>para\u00a0<strong>ni\u00f1os y ni\u00f1as<\/strong>\u00a0con dosis aprobadas con la\u00a0<strong>Organizaci\u00f3n Mundial de la Salud\u00a0<\/strong>(OMS) y que se busca que sean entregadas por el mecanismo\u00a0<strong>Covax<\/strong>. <\/p>\n\n\n\n<p>En conferencia de prensa matutina, el titular del Ejecutivo federal detall\u00f3 que M\u00e9xico cuenta con vacunas contra SARS-COV2 pero indico que estas no se pueden usar para menores, y confi\u00f3 en que estos d\u00edas el mecanismo Covax informe al gobierno mexicano sobre estas vacunas. <\/p>\n\n\n\n<p>El Mandatario federal indic\u00f3 que el tema se trat\u00f3 el pasado lunes en la reuni\u00f3n con gobernadores en Palacio Nacional. <\/p>\n\n\n\n<p>\u201cTambi\u00e9n se habl\u00f3 (en la reuni\u00f3n con gobernadores) de que tenemos pagado por adelantado un lote de vacunas del mecanismo Covax de la ONU, y estamos solicitando que nos manden vacunas para los ni\u00f1os, porque no se pueden usar estas vacunas que tenemos o si no son de algunas marcas autorizadas. Entonces queremos que lo que nos deben, lo que les pagamos por adelantado, que nos les entreguen con vacunas para ni\u00f1os para empezar las vacunas con los ni\u00f1os, con las vacunas adecuadas\u201d.<\/p>\n\n\n\n<p>\u201cYa en estos d\u00edas vamos a saber sobre la respuesta de Covax sobre estas vacunas\u201d, dijo.<\/p>\n\n\n\n<p>En Palacio Nacional, el Mandatario federal indic\u00f3 que esta vacunaci\u00f3n ser\u00e1 universal para todos los menores.<\/p>\n\n\n\n<blockquote class=\"wp-block-quote is-layout-flow wp-block-quote-is-layout-flow\"><p>\u201cEs para todos los ni\u00f1os que deban de vacunarse, que este autorizado por la Organizaci\u00f3n Mundial de la Salud (OMS) con la vacuna correspondiente, ser\u00eda tambi\u00e9n universal para todos.<\/p><p>\u201cS\u00ed se est\u00e1 vacunando ni\u00f1os con enfermedades o con capacidades diferentes, eso lo estamos haciendo, pero ni\u00f1os que no tienen ning\u00fan tipo de enfermedad tambi\u00e9n ser\u00e1n vacunados de acuerdo al protocolo de la OMS, pero ya queremos salir con todos los mayores. Ya en abril cerramos y si abrimos campa\u00f1a va a ser con los ni\u00f1os\u201d, dijo.<\/p><\/blockquote>\n\n\n\n<figure class=\"wp-block-image\"><img fetchpriority=\"high\" decoding=\"async\" width=\"575\" height=\"1024\" src=\"https::\/\/elreporterohgo.com\/noticias\/wp-content\/uploads\/2022\/04\/WhatsApp-Image-2022-02-04-at-9.56.01-PM-4-1-575x1024.jpeg\" alt=\"\" class=\"wp-image-48183\" srcset=\"https:\/\/elreporterohgo.com\/noticias\/wp-content\/uploads\/2022\/04\/WhatsApp-Image-2022-02-04-at-9.56.01-PM-4-1-575x1024.jpeg 575w, https:\/\/elreporterohgo.com\/noticias\/wp-content\/uploads\/2022\/04\/WhatsApp-Image-2022-02-04-at-9.56.01-PM-4-1-169x300.jpeg 169w, https:\/\/elreporterohgo.com\/noticias\/wp-content\/uploads\/2022\/04\/WhatsApp-Image-2022-02-04-at-9.56.01-PM-4-1.jpeg 719w\" sizes=\"(max-width: 575px) 100vw, 575px\" \/><\/figure>\n","protected":false},"excerpt":{"rendered":"<p>El presidente L\u00f3pez Obrador se\u00f1al\u00f3 que se est\u00e1 solicitando que el lote de vacunas que fueron pagadas por anticipado al mecanismo Covax de la ONU sean las adecuadas para menores de edad. El presidente Andr\u00e9s Manuel L\u00f3pez Obrador anunci\u00f3 que al terminar este mes de abril el Plan Nacional de Vacunaci\u00f3n contra COVID 19, se<\/p>\n","protected":false},"author":2,"featured_media":48183,"comment_status":"open","ping_status":"closed","sticky":false,"template":"","format":"standard","meta":{"footnotes":""},"categories":[10],"tags":[],"class_list":{"0":"post-48182","1":"post","2":"type-post","3":"status-publish","4":"format-standard","5":"has-post-thumbnail","7":"category-hidalgo"},"_links":{"self":[{"href":"https:\/\/elreporterohgo.com\/noticias\/wp-json\/wp\/v2\/posts\/48182","targetHints":{"allow":["GET"]}}],"collection":[{"href":"https:\/\/elreporterohgo.com\/noticias\/wp-json\/wp\/v2\/posts"}],"about":[{"href":"https:\/\/elreporterohgo.com\/noticias\/wp-json\/wp\/v2\/types\/post"}],"author":[{"embeddable":true,"href":"https:\/\/elreporterohgo.com\/noticias\/wp-json\/wp\/v2\/users\/2"}],"replies":[{"embeddable":true,"href":"https:\/\/elreporterohgo.com\/noticias\/wp-json\/wp\/v2\/comments?post=48182"}],"version-history":[{"count":1,"href":"https:\/\/elreporterohgo.com\/noticias\/wp-json\/wp\/v2\/posts\/48182\/revisions"}],"predecessor-version":[{"id":48184,"href":"https:\/\/elreporterohgo.com\/noticias\/wp-json\/wp\/v2\/posts\/48182\/revisions\/48184"}],"wp:featuredmedia":[{"embeddable":true,"href":"https:\/\/elreporterohgo.com\/noticias\/wp-json\/wp\/v2\/media\/48183"}],"wp:attachment":[{"href":"https:\/\/elreporterohgo.com\/noticias\/wp-json\/wp\/v2\/media?parent=48182"}],"wp:term":[{"taxonomy":"category","embeddable":true,"href":"https:\/\/elreporterohgo.com\/noticias\/wp-json\/wp\/v2\/categories?post=48182"},{"taxonomy":"post_tag","embeddable":true,"href":"https:\/\/elreporterohgo.com\/noticias\/wp-json\/wp\/v2\/tags?post=48182"}],"curies":[{"name":"wp","href":"https:\/\/api.w.org\/{rel}","templated":true}]}}