{"id":48145,"date":"2022-04-13T23:12:39","date_gmt":"2022-04-14T04:12:39","guid":{"rendered":"https:\/\/elreporterohgo.com\/noticias\/?p=48145"},"modified":"2022-04-13T23:12:40","modified_gmt":"2022-04-14T04:12:40","slug":"covid-19-se-queda-a-nivel-de-pandemia-oms-advierte-que-transmision-es-intensa","status":"publish","type":"post","link":"https:\/\/elreporterohgo.com\/noticias\/2022\/04\/13\/covid-19-se-queda-a-nivel-de-pandemia-oms-advierte-que-transmision-es-intensa\/","title":{"rendered":"COVID-19 se queda a nivel de pandemia; OMS advierte que transmisi\u00f3n es \u2018intensa\u2019"},"content":{"rendered":"\n<ul class=\"wp-block-list\"><li>\u2018No es el momento de bajar la guardia\u2019, sino m\u00e1s bien de que los pa\u00edses sigan prepar\u00e1ndose\u2019, advirti\u00f3 el organismo.<\/li><\/ul>\n\n\n\n<p>GINEBRA, Suiza.- La&nbsp;<strong>Organizaci\u00f3n Mundial de la Salud<\/strong>&nbsp;(OMS) anunci\u00f3 este mi\u00e9rcoles su&nbsp;<strong>decisi\u00f3n de mantener la propagaci\u00f3n del COVID-19&nbsp;<\/strong>como una&nbsp;<strong>emergencia sanitaria internacional<\/strong>&nbsp;o pandemia porque \u201cno es el momento de bajar la guardia\u201d, sino m\u00e1s bien de que los pa\u00edses sigan prepar\u00e1ndose para enfrentar este tipo de crisis.<\/p>\n\n\n\n<p>El director general de la organizaci\u00f3n,\u00a0<strong>Tedros Adhanom Ghebreyesus<\/strong>, dijo que el\u00a0<strong>Comit\u00e9 de Emergencias de la OMS\u00a0<\/strong>(\u00f3rgano compuesto por cient\u00edficos independientes) ha recomendado no cambiar el nivel de alerta en relaci\u00f3n con el COVID-19 en vista de que el virus sigue transmiti\u00e9ndose de forma intensa.<\/p>\n\n\n\n<p>Asimismo,\u00a0<strong>su evoluci\u00f3n es imprevisible<\/strong>\u00a0y la<strong>\u00a0mortalidad se mantiene a niveles elevados<\/strong>, agreg\u00f3. <\/p>\n\n\n\n<p>En este contexto, Tedros indic\u00f3 que hay que<strong>\u00a0continuar con los esfuerzos<\/strong>\u00a0para que\u00a0<strong>vacunas<\/strong>,\u00a0<strong>tratamientos\u00a0<\/strong>y otras herramienta desarrolladas para enfrentar la pandemia sean distribuidas de forma equitativa entre los pa\u00edses y dentro de ellos, y que se avance en la vacunaci\u00f3n de los mayores de 65 a\u00f1os, en particular en \u00c1frica.<\/p>\n\n\n\n<p>Cubrir las brechas que siguen existiendo en el acceso a las vacunas \u201ces la mejor manera de protegernos de futuros brotes\u201d, coment\u00f3 en una conferencia de prensa.<\/p>\n\n\n\n<p>Sobre las&nbsp;<strong>condiciones para que el COVID-19 deje de estar en el nivel m\u00e1ximo de alerta sanitaria<\/strong>, explic\u00f3 que deben confluir distintos criterios, entre ellos epidemiol\u00f3gicos y otros relacionados con impacto del coronavirus en los lugares donde la transmisi\u00f3n se mantiene alta.<\/p>\n\n\n\n<p>\u201cEs err\u00f3neo creer que menos cantidad de casos quiere decir que hay menos riesgo. Nos alegramos que hayan menos muertes, pero\u00a0<strong>este virus nos ha sorprendido en el pasado<\/strong>, as\u00ed que tenemos que seguirle la pista todo el tiempo\u201d, se\u00f1al\u00f3 el director de Emergencias Sanitarias de la OMS, Mike Ryan.<\/p>\n\n\n\n<p>Las muertes reportadas en la \u00faltima semana por COVID-19 en el mundo ha sido la m\u00e1s baja desde que empez\u00f3 la pandemia.<\/p>\n\n\n\n<p>Sobre las \u00faltimas<strong>&nbsp;subvariantes descubiertas de \u00f3micron<\/strong>&nbsp;(denominadas BA.4 Y BA.5), la directora t\u00e9cnica para el COVID-19 en la OMS, Maria Van Kherkove, confirm\u00f3 que se han detectado en un n\u00famero limitado de pa\u00edses de \u00c1frica y Europa, y ahora se est\u00e1 analizando si presentan alg\u00fan cambio significativo con respecto a la variante original.<\/p>\n\n\n\n<p>Confirm\u00f3 que por el momento<strong>\u00a0no se han detectado cambios en la gravedad de la enfermedad<\/strong>\u00a0o en la defensa que ofrecen las vacunas, pero tambi\u00e9n reconocido que es prematuro sacar conclusiones porque el n\u00famero de secuencias gen\u00e9ticas realizadas es bajo.<\/p>\n\n\n\n<figure class=\"wp-block-image\"><img fetchpriority=\"high\" decoding=\"async\" width=\"576\" height=\"1024\" src=\"https::\/\/elreporterohgo.com\/noticias\/wp-content\/uploads\/2022\/04\/regreso-a-clases-576x1024.jpg\" alt=\"\" class=\"wp-image-48146\" srcset=\"https:\/\/elreporterohgo.com\/noticias\/wp-content\/uploads\/2022\/04\/regreso-a-clases-576x1024.jpg 576w, https:\/\/elreporterohgo.com\/noticias\/wp-content\/uploads\/2022\/04\/regreso-a-clases-169x300.jpg 169w, https:\/\/elreporterohgo.com\/noticias\/wp-content\/uploads\/2022\/04\/regreso-a-clases-768x1366.jpg 768w, https:\/\/elreporterohgo.com\/noticias\/wp-content\/uploads\/2022\/04\/regreso-a-clases.jpg 1600w\" sizes=\"(max-width: 576px) 100vw, 576px\" \/><\/figure>\n\n\n\n<p><br><\/p>\n\n\n\n<p><br><\/p>\n","protected":false},"excerpt":{"rendered":"<p>\u2018No es el momento de bajar la guardia\u2019, sino m\u00e1s bien de que los pa\u00edses sigan prepar\u00e1ndose\u2019, advirti\u00f3 el organismo. GINEBRA, Suiza.- La&nbsp;Organizaci\u00f3n Mundial de la Salud&nbsp;(OMS) anunci\u00f3 este mi\u00e9rcoles su&nbsp;decisi\u00f3n de mantener la propagaci\u00f3n del COVID-19&nbsp;como una&nbsp;emergencia sanitaria internacional&nbsp;o pandemia porque \u201cno es el momento de bajar la guardia\u201d, sino m\u00e1s bien de que<\/p>\n","protected":false},"author":2,"featured_media":48146,"comment_status":"open","ping_status":"closed","sticky":false,"template":"","format":"standard","meta":{"footnotes":""},"categories":[10],"tags":[],"class_list":{"0":"post-48145","1":"post","2":"type-post","3":"status-publish","4":"format-standard","5":"has-post-thumbnail","7":"category-hidalgo"},"_links":{"self":[{"href":"https:\/\/elreporterohgo.com\/noticias\/wp-json\/wp\/v2\/posts\/48145","targetHints":{"allow":["GET"]}}],"collection":[{"href":"https:\/\/elreporterohgo.com\/noticias\/wp-json\/wp\/v2\/posts"}],"about":[{"href":"https:\/\/elreporterohgo.com\/noticias\/wp-json\/wp\/v2\/types\/post"}],"author":[{"embeddable":true,"href":"https:\/\/elreporterohgo.com\/noticias\/wp-json\/wp\/v2\/users\/2"}],"replies":[{"embeddable":true,"href":"https:\/\/elreporterohgo.com\/noticias\/wp-json\/wp\/v2\/comments?post=48145"}],"version-history":[{"count":1,"href":"https:\/\/elreporterohgo.com\/noticias\/wp-json\/wp\/v2\/posts\/48145\/revisions"}],"predecessor-version":[{"id":48147,"href":"https:\/\/elreporterohgo.com\/noticias\/wp-json\/wp\/v2\/posts\/48145\/revisions\/48147"}],"wp:featuredmedia":[{"embeddable":true,"href":"https:\/\/elreporterohgo.com\/noticias\/wp-json\/wp\/v2\/media\/48146"}],"wp:attachment":[{"href":"https:\/\/elreporterohgo.com\/noticias\/wp-json\/wp\/v2\/media?parent=48145"}],"wp:term":[{"taxonomy":"category","embeddable":true,"href":"https:\/\/elreporterohgo.com\/noticias\/wp-json\/wp\/v2\/categories?post=48145"},{"taxonomy":"post_tag","embeddable":true,"href":"https:\/\/elreporterohgo.com\/noticias\/wp-json\/wp\/v2\/tags?post=48145"}],"curies":[{"name":"wp","href":"https:\/\/api.w.org\/{rel}","templated":true}]}}