{"id":48071,"date":"2022-04-12T15:15:56","date_gmt":"2022-04-12T20:15:56","guid":{"rendered":"https:\/\/elreporterohgo.com\/noticias\/?p=48071"},"modified":"2022-04-12T16:34:04","modified_gmt":"2022-04-12T21:34:04","slug":"legisladores-trabajan-por-derechos-de-ninas-ninos-y-adolescentes","status":"publish","type":"post","link":"https:\/\/elreporterohgo.com\/noticias\/2022\/04\/12\/legisladores-trabajan-por-derechos-de-ninas-ninos-y-adolescentes\/","title":{"rendered":"Legisladores trabajan por derechos de ni\u00f1as, ni\u00f1os y adolescentes"},"content":{"rendered":"\n<figure class=\"wp-block-image\"><img fetchpriority=\"high\" decoding=\"async\" width=\"1024\" height=\"615\" src=\"https::\/\/elreporterohgo.com\/noticias\/wp-content\/uploads\/2022\/04\/IMG_0946-2-1024x615.jpg\" alt=\"\" class=\"wp-image-48072\" srcset=\"https:\/\/elreporterohgo.com\/noticias\/wp-content\/uploads\/2022\/04\/IMG_0946-2-1024x615.jpg 1024w, https:\/\/elreporterohgo.com\/noticias\/wp-content\/uploads\/2022\/04\/IMG_0946-2-300x180.jpg 300w, https:\/\/elreporterohgo.com\/noticias\/wp-content\/uploads\/2022\/04\/IMG_0946-2-768x461.jpg 768w, https:\/\/elreporterohgo.com\/noticias\/wp-content\/uploads\/2022\/04\/IMG_0946-2-600x360.jpg 600w\" sizes=\"(max-width: 1024px) 100vw, 1024px\" \/><\/figure>\n\n\n\n<p>PACHUCA, Hgo.- En atenci\u00f3n al compromiso de reducir las brechas de desigualdad y de discriminaci\u00f3n con las ni\u00f1as, ni\u00f1os y adolescentes de Hidalgo, las y los legisladores emanados de MORENA y del Partido del Trabajo, sometieron ante el pleno del Congreso la iniciativa con proyecto de decreto por el que se reforman diversas disposiciones de la ley de Planeaci\u00f3n y Prospectiva del estado de Hidalgo, ley de los Derechos de Ni\u00f1as, ni\u00f1os y adolescentes para el estado de Hidalgo y la ley de Educaci\u00f3n del estado Hidalgo.<\/p>\n\n\n\n<p>Lo anterior, explicaron, con el prop\u00f3sito de incluir a las ni\u00f1as, ni\u00f1os y adolescentes en la elaboraci\u00f3n de pol\u00edticas p\u00fablicas relativas a los asuntos que les afectan, para que puedan, de esta manera, participar activamente y de forma reconocida por los dispositivos legales estatales.<\/p>\n\n\n\n<p>\u201cBuscamos que la ni\u00f1ez y juventud est\u00e9n presentes en los lugares donde se toman las decisiones y que ah\u00ed sean escuchados\u201d, explicaron sobre su propuesta los diputados Jorge Hern\u00e1ndez Araus, Timoteo L\u00f3pez, To\u00f1o Hern\u00e1ndez, Osiris Leines y Edgar Hern\u00e1ndez, as\u00ed como las diputadas Adelfa Z\u00fa\u00f1iga, Vanesa Escalante, Lisset Marcelino, Lucrecia Lorena Hern\u00e1ndez, Elvia Sierra y Tania Valdez.&nbsp;<\/p>\n\n\n\n<p>De acuerdo a la Encuesta Nacional sobre Discriminaci\u00f3n (ENADIS 2017), solo uno de cada dos ni\u00f1as y ni\u00f1os menores de 12 a\u00f1os se sienten escuchados \u201csiempre\u201d en sus casas y escuelas; mientras que los dem\u00e1s consideran que solo en \u201calgunas ocasiones\u201d o \u201cnunca\u201d sus opiniones son escuchadas o tomadas en cuenta y seg\u00fan datos de la propia encuesta elaborada por el CONAPRED de 2017 el 22.5 de los ni\u00f1os y ni\u00f1as opinan que sus derechos se respetan poco o nada as\u00ed como el 36 por ciento de los adolescentes en el mismo sentido.<\/p>\n\n\n\n<p>A trav\u00e9s de esta iniciativa se pretende que la toma de decisiones en los espacios en los que conviven cotidianamente ni\u00f1ez, adolescencia y personas adultas eliminen la sumisi\u00f3n y la obediencia como elementos de imposici\u00f3n, protegiendo y reconociendo los derechos de las ni\u00f1as, ni\u00f1os y adolescentes que est\u00e1n consagrados en el art\u00edculo cuarto de la Constituci\u00f3n Pol\u00edtica de los Estados Unidos Mexicanos y la Ley General de los 2 Encuesta Nacional Sobre Discriminaci\u00f3n 2017.<\/p>\n\n\n\n<p><br><\/p>\n\n\n\n<figure class=\"wp-block-image\"><img decoding=\"async\" width=\"1024\" height=\"403\" src=\"https::\/\/elreporterohgo.com\/noticias\/wp-content\/uploads\/2022\/04\/0b84b18e-8b00-410a-a376-5bcca512668b-15-1024x403.jpg\" alt=\"\" class=\"wp-image-48087\" srcset=\"https:\/\/elreporterohgo.com\/noticias\/wp-content\/uploads\/2022\/04\/0b84b18e-8b00-410a-a376-5bcca512668b-15-1024x403.jpg 1024w, https:\/\/elreporterohgo.com\/noticias\/wp-content\/uploads\/2022\/04\/0b84b18e-8b00-410a-a376-5bcca512668b-15-300x118.jpg 300w, https:\/\/elreporterohgo.com\/noticias\/wp-content\/uploads\/2022\/04\/0b84b18e-8b00-410a-a376-5bcca512668b-15-768x302.jpg 768w, https:\/\/elreporterohgo.com\/noticias\/wp-content\/uploads\/2022\/04\/0b84b18e-8b00-410a-a376-5bcca512668b-15.jpg 1080w\" sizes=\"(max-width: 1024px) 100vw, 1024px\" \/><\/figure>\n","protected":false},"excerpt":{"rendered":"<p>PACHUCA, Hgo.- En atenci\u00f3n al compromiso de reducir las brechas de desigualdad y de discriminaci\u00f3n con las ni\u00f1as, ni\u00f1os y adolescentes de Hidalgo, las y los legisladores emanados de MORENA y del Partido del Trabajo, sometieron ante el pleno del Congreso la iniciativa con proyecto de decreto por el que se reforman diversas disposiciones de<\/p>\n","protected":false},"author":2,"featured_media":48072,"comment_status":"open","ping_status":"closed","sticky":false,"template":"","format":"standard","meta":{"footnotes":""},"categories":[10],"tags":[],"class_list":{"0":"post-48071","1":"post","2":"type-post","3":"status-publish","4":"format-standard","5":"has-post-thumbnail","7":"category-hidalgo"},"_links":{"self":[{"href":"https:\/\/elreporterohgo.com\/noticias\/wp-json\/wp\/v2\/posts\/48071","targetHints":{"allow":["GET"]}}],"collection":[{"href":"https:\/\/elreporterohgo.com\/noticias\/wp-json\/wp\/v2\/posts"}],"about":[{"href":"https:\/\/elreporterohgo.com\/noticias\/wp-json\/wp\/v2\/types\/post"}],"author":[{"embeddable":true,"href":"https:\/\/elreporterohgo.com\/noticias\/wp-json\/wp\/v2\/users\/2"}],"replies":[{"embeddable":true,"href":"https:\/\/elreporterohgo.com\/noticias\/wp-json\/wp\/v2\/comments?post=48071"}],"version-history":[{"count":2,"href":"https:\/\/elreporterohgo.com\/noticias\/wp-json\/wp\/v2\/posts\/48071\/revisions"}],"predecessor-version":[{"id":48088,"href":"https:\/\/elreporterohgo.com\/noticias\/wp-json\/wp\/v2\/posts\/48071\/revisions\/48088"}],"wp:featuredmedia":[{"embeddable":true,"href":"https:\/\/elreporterohgo.com\/noticias\/wp-json\/wp\/v2\/media\/48072"}],"wp:attachment":[{"href":"https:\/\/elreporterohgo.com\/noticias\/wp-json\/wp\/v2\/media?parent=48071"}],"wp:term":[{"taxonomy":"category","embeddable":true,"href":"https:\/\/elreporterohgo.com\/noticias\/wp-json\/wp\/v2\/categories?post=48071"},{"taxonomy":"post_tag","embeddable":true,"href":"https:\/\/elreporterohgo.com\/noticias\/wp-json\/wp\/v2\/tags?post=48071"}],"curies":[{"name":"wp","href":"https:\/\/api.w.org\/{rel}","templated":true}]}}