{"id":48060,"date":"2022-04-12T13:50:41","date_gmt":"2022-04-12T18:50:41","guid":{"rendered":"https:\/\/elreporterohgo.com\/noticias\/?p=48060"},"modified":"2022-04-12T13:50:43","modified_gmt":"2022-04-12T18:50:43","slug":"julio-menchaca-respondera-con-responsabilidad-y-trabajo-a-calumnias-de-sus-adversarios","status":"publish","type":"post","link":"https:\/\/elreporterohgo.com\/noticias\/2022\/04\/12\/julio-menchaca-respondera-con-responsabilidad-y-trabajo-a-calumnias-de-sus-adversarios\/","title":{"rendered":"Julio Menchaca responder\u00e1 con responsabilidad y trabajo a calumnias de sus adversarios"},"content":{"rendered":"\n<p><\/p>\n\n\n\n<figure class=\"wp-block-image\"><img fetchpriority=\"high\" decoding=\"async\" width=\"1024\" height=\"640\" src=\"https::\/\/elreporterohgo.com\/noticias\/wp-content\/uploads\/2022\/04\/WhatsApp-Image-2022-04-11-at-5.39.14-PM-1024x640.jpeg\" alt=\"\" class=\"wp-image-48061\" srcset=\"https:\/\/elreporterohgo.com\/noticias\/wp-content\/uploads\/2022\/04\/WhatsApp-Image-2022-04-11-at-5.39.14-PM-1024x640.jpeg 1024w, https:\/\/elreporterohgo.com\/noticias\/wp-content\/uploads\/2022\/04\/WhatsApp-Image-2022-04-11-at-5.39.14-PM-300x188.jpeg 300w, https:\/\/elreporterohgo.com\/noticias\/wp-content\/uploads\/2022\/04\/WhatsApp-Image-2022-04-11-at-5.39.14-PM-768x480.jpeg 768w, https:\/\/elreporterohgo.com\/noticias\/wp-content\/uploads\/2022\/04\/WhatsApp-Image-2022-04-11-at-5.39.14-PM.jpeg 1280w\" sizes=\"(max-width: 1024px) 100vw, 1024px\" \/><\/figure>\n\n\n\n<figure class=\"wp-block-image\"><img decoding=\"async\" width=\"1024\" height=\"470\" src=\"https::\/\/elreporterohgo.com\/noticias\/wp-content\/uploads\/2022\/04\/af2467af-3166-413c-9068-7e225da3602a-1024x470.jpg\" alt=\"\" class=\"wp-image-48062\" srcset=\"https:\/\/elreporterohgo.com\/noticias\/wp-content\/uploads\/2022\/04\/af2467af-3166-413c-9068-7e225da3602a-1024x470.jpg 1024w, https:\/\/elreporterohgo.com\/noticias\/wp-content\/uploads\/2022\/04\/af2467af-3166-413c-9068-7e225da3602a-300x138.jpg 300w, https:\/\/elreporterohgo.com\/noticias\/wp-content\/uploads\/2022\/04\/af2467af-3166-413c-9068-7e225da3602a-768x352.jpg 768w, https:\/\/elreporterohgo.com\/noticias\/wp-content\/uploads\/2022\/04\/af2467af-3166-413c-9068-7e225da3602a.jpg 1280w\" sizes=\"(max-width: 1024px) 100vw, 1024px\" \/><\/figure>\n\n\n\n<p><strong>Atotonilco\nel Grande, Hidalgo.- <\/strong>Durante un encuentro con cientos de personas en Atotonilco El Grande,\ndestac\u00f3 que los niveles de participaci\u00f3n ciudadana durante la consulta de\nrevocaci\u00f3n de mandato, aunados a los resultados de distintas encuestas que lo\ncolocan como el pr\u00f3ximo gobernador de Hidalgo, han provocado desesperaci\u00f3n\nentre sus rivales pol\u00edticos, por lo que exhort\u00f3 a sus seguidoras y seguidores a\nno caer en provocaciones.<\/p>\n\n\n\n<p>Asimismo, celebr\u00f3 que cada vez m\u00e1s\nhidalguenses han encontrado en su proyecto pol\u00edtico un movimiento que es\nacompa\u00f1ado de alegr\u00eda y esperanza; mismo que camina de la mano de mujeres, campesinos,\ncomerciantes y de todos los sectores de la sociedad que hist\u00f3ricamente han sido\nmarginados. <\/p>\n\n\n\n<p>El candidato subray\u00f3 que durante la\njornada electoral del pasado domingo 10 de abril, el pueblo hidalguense mostr\u00f3\nsu amplio respaldo al titular del Ejecutivo Federal, dejando en claro que el\nproceso transformador tambi\u00e9n llegar\u00e1 al estado de una manera contundente,\ndemocr\u00e1tica y pac\u00edfica el pr\u00f3ximo 5 de junio. <\/p>\n\n\n\n<p>Refrend\u00f3 su compromiso de hacer buen uso\nde los recursos p\u00fablicos que le pertenecen al pueblo y que estos sean\nutilizados para atender las demandas m\u00e1s sentidas de la poblaci\u00f3n como servicios\np\u00fablicos, reconstrucci\u00f3n de caminos, servicios de salud, educaci\u00f3n, agua\npotable, electrificaci\u00f3n, entre otros, recordando que su gobierno se conducir\u00e1\nbajo el principio: primero los pobres.<\/p>\n\n\n\n<p>Al finalizar su participaci\u00f3n, Julio\nMenchaca llam\u00f3 a las y los hidalguenses a no confiarse.<\/p>\n\n\n\n<p>Reiter\u00f3 que seguir\u00e1 recorriendo cada\nrinc\u00f3n del territorio estatal, para llevar el mensaje de esperanza que habr\u00e1 de\ntransformarse en un mejor porvenir para toda la poblaci\u00f3n y no para unos\ncuantos.&nbsp; <\/p>\n\n\n\n<p>En este evento el aspirante a la\ngubernatura de Hidalgo estuvo acompa\u00f1ado por el senador morenista Ricardo Monreal,\nel coordinador general de los trabajos de campa\u00f1a, Natividad Castrej\u00f3n Valdez,\nla diputada local Adelfa Z\u00fa\u00f1iga, la regidora Mar\u00eda del Jes\u00fas Hern\u00e1ndez Naranjo,\nla presidenta del Comit\u00e9 Estatal de Morena en Hidalgo, Sandra Alicia Ord\u00f3\u00f1ez\nP\u00e9rez y el presidente de Nueva Alianza Hidalgo, Sergio Hern\u00e1ndez.<\/p>\n","protected":false},"excerpt":{"rendered":"<p>Atotonilco el Grande, Hidalgo.- Durante un encuentro con cientos de personas en Atotonilco El Grande, destac\u00f3 que los niveles de participaci\u00f3n ciudadana durante la consulta de revocaci\u00f3n de mandato, aunados a los resultados de distintas encuestas que lo colocan como el pr\u00f3ximo gobernador de Hidalgo, han provocado desesperaci\u00f3n entre sus rivales pol\u00edticos, por lo que<\/p>\n","protected":false},"author":2,"featured_media":48062,"comment_status":"open","ping_status":"closed","sticky":false,"template":"","format":"standard","meta":{"footnotes":""},"categories":[10],"tags":[],"class_list":{"0":"post-48060","1":"post","2":"type-post","3":"status-publish","4":"format-standard","5":"has-post-thumbnail","7":"category-hidalgo"},"_links":{"self":[{"href":"https:\/\/elreporterohgo.com\/noticias\/wp-json\/wp\/v2\/posts\/48060","targetHints":{"allow":["GET"]}}],"collection":[{"href":"https:\/\/elreporterohgo.com\/noticias\/wp-json\/wp\/v2\/posts"}],"about":[{"href":"https:\/\/elreporterohgo.com\/noticias\/wp-json\/wp\/v2\/types\/post"}],"author":[{"embeddable":true,"href":"https:\/\/elreporterohgo.com\/noticias\/wp-json\/wp\/v2\/users\/2"}],"replies":[{"embeddable":true,"href":"https:\/\/elreporterohgo.com\/noticias\/wp-json\/wp\/v2\/comments?post=48060"}],"version-history":[{"count":1,"href":"https:\/\/elreporterohgo.com\/noticias\/wp-json\/wp\/v2\/posts\/48060\/revisions"}],"predecessor-version":[{"id":48063,"href":"https:\/\/elreporterohgo.com\/noticias\/wp-json\/wp\/v2\/posts\/48060\/revisions\/48063"}],"wp:featuredmedia":[{"embeddable":true,"href":"https:\/\/elreporterohgo.com\/noticias\/wp-json\/wp\/v2\/media\/48062"}],"wp:attachment":[{"href":"https:\/\/elreporterohgo.com\/noticias\/wp-json\/wp\/v2\/media?parent=48060"}],"wp:term":[{"taxonomy":"category","embeddable":true,"href":"https:\/\/elreporterohgo.com\/noticias\/wp-json\/wp\/v2\/categories?post=48060"},{"taxonomy":"post_tag","embeddable":true,"href":"https:\/\/elreporterohgo.com\/noticias\/wp-json\/wp\/v2\/tags?post=48060"}],"curies":[{"name":"wp","href":"https:\/\/api.w.org\/{rel}","templated":true}]}}