{"id":48044,"date":"2022-04-10T22:00:31","date_gmt":"2022-04-11T03:00:31","guid":{"rendered":"https:\/\/elreporterohgo.com\/noticias\/?p=48044"},"modified":"2022-04-10T22:00:33","modified_gmt":"2022-04-11T03:00:33","slug":"ya-la-libramos-ops-situa-a-mexico-en-periodo-interepidemico-ante-el-covid-19","status":"publish","type":"post","link":"https:\/\/elreporterohgo.com\/noticias\/2022\/04\/10\/ya-la-libramos-ops-situa-a-mexico-en-periodo-interepidemico-ante-el-covid-19\/","title":{"rendered":"\u00bfYa la libramos? OPS sit\u00faa a M\u00e9xico en periodo interepid\u00e9mico ante el COVID-19"},"content":{"rendered":"\n<p>La <strong>Organizaci\u00f3n Panamericana de la Salud (OPS)<\/strong>\u00a0dijo que nuestro pa\u00eds s<strong>e encuentra en un periodo interepid\u00e9mico, ya que los contagios de COVID se han reducido constantemente desde el 21 de marzo.<\/strong><\/p>\n\n\n\n<p>La organizaci\u00f3n puntualiz\u00f3 que siempre existe el riesgo de que los contagios suban y que aparezcan nuevas variantes y sepas del virus. Por lo tanto, exhort\u00f3 a las autoridades correspondientes aumentar la&nbsp;<strong>vigilancia en el pr\u00f3ximo periodo vacacional de Semana Santa.<\/strong><a href=\"https:s:\/\/www.elfinanciero.com.mx\/salud\/2022\/04\/06\/vacunacion-covid-en-mexico-se-aplican-167013-nuevas-dosis-suman-1934-millones\/\"><\/a><\/p>\n\n\n\n<p>\u2018\u2019Podemos considerar que M\u00e9xico se encuentra en un periodo interepid\u00e9mico; sin embargo se recomienda no relajar las medidas en M\u00e9xico\u2019&#8217;, dijo Sylvain Adighieri, gerente de incidentes para COVID de la OPS.<\/p>\n\n\n\n<figure class=\"wp-block-image\"><img fetchpriority=\"high\" decoding=\"async\" width=\"575\" height=\"1024\" src=\"https::\/\/elreporterohgo.com\/noticias\/wp-content\/uploads\/2022\/04\/WhatsApp-Image-2022-02-04-at-9.56.01-PM-7-575x1024.jpeg\" alt=\"\" class=\"wp-image-48045\" srcset=\"https:\/\/elreporterohgo.com\/noticias\/wp-content\/uploads\/2022\/04\/WhatsApp-Image-2022-02-04-at-9.56.01-PM-7-575x1024.jpeg 575w, https:\/\/elreporterohgo.com\/noticias\/wp-content\/uploads\/2022\/04\/WhatsApp-Image-2022-02-04-at-9.56.01-PM-7-169x300.jpeg 169w, https:\/\/elreporterohgo.com\/noticias\/wp-content\/uploads\/2022\/04\/WhatsApp-Image-2022-02-04-at-9.56.01-PM-7.jpeg 719w\" sizes=\"(max-width: 575px) 100vw, 575px\" \/><\/figure>\n","protected":false},"excerpt":{"rendered":"<p>La Organizaci\u00f3n Panamericana de la Salud (OPS)\u00a0dijo que nuestro pa\u00eds se encuentra en un periodo interepid\u00e9mico, ya que los contagios de COVID se han reducido constantemente desde el 21 de marzo. La organizaci\u00f3n puntualiz\u00f3 que siempre existe el riesgo de que los contagios suban y que aparezcan nuevas variantes y sepas del virus. Por lo<\/p>\n","protected":false},"author":2,"featured_media":48045,"comment_status":"open","ping_status":"closed","sticky":false,"template":"","format":"standard","meta":{"footnotes":""},"categories":[10],"tags":[],"class_list":{"0":"post-48044","1":"post","2":"type-post","3":"status-publish","4":"format-standard","5":"has-post-thumbnail","7":"category-hidalgo"},"_links":{"self":[{"href":"https:\/\/elreporterohgo.com\/noticias\/wp-json\/wp\/v2\/posts\/48044","targetHints":{"allow":["GET"]}}],"collection":[{"href":"https:\/\/elreporterohgo.com\/noticias\/wp-json\/wp\/v2\/posts"}],"about":[{"href":"https:\/\/elreporterohgo.com\/noticias\/wp-json\/wp\/v2\/types\/post"}],"author":[{"embeddable":true,"href":"https:\/\/elreporterohgo.com\/noticias\/wp-json\/wp\/v2\/users\/2"}],"replies":[{"embeddable":true,"href":"https:\/\/elreporterohgo.com\/noticias\/wp-json\/wp\/v2\/comments?post=48044"}],"version-history":[{"count":1,"href":"https:\/\/elreporterohgo.com\/noticias\/wp-json\/wp\/v2\/posts\/48044\/revisions"}],"predecessor-version":[{"id":48046,"href":"https:\/\/elreporterohgo.com\/noticias\/wp-json\/wp\/v2\/posts\/48044\/revisions\/48046"}],"wp:featuredmedia":[{"embeddable":true,"href":"https:\/\/elreporterohgo.com\/noticias\/wp-json\/wp\/v2\/media\/48045"}],"wp:attachment":[{"href":"https:\/\/elreporterohgo.com\/noticias\/wp-json\/wp\/v2\/media?parent=48044"}],"wp:term":[{"taxonomy":"category","embeddable":true,"href":"https:\/\/elreporterohgo.com\/noticias\/wp-json\/wp\/v2\/categories?post=48044"},{"taxonomy":"post_tag","embeddable":true,"href":"https:\/\/elreporterohgo.com\/noticias\/wp-json\/wp\/v2\/tags?post=48044"}],"curies":[{"name":"wp","href":"https:\/\/api.w.org\/{rel}","templated":true}]}}