{"id":48007,"date":"2022-04-09T16:04:38","date_gmt":"2022-04-09T21:04:38","guid":{"rendered":"https:\/\/elreporterohgo.com\/noticias\/?p=48007"},"modified":"2022-04-09T16:04:39","modified_gmt":"2022-04-09T21:04:39","slug":"idefom-convoca-al-curso-de-fundamentos-basicos-para-la-gestion-documental","status":"publish","type":"post","link":"https:\/\/elreporterohgo.com\/noticias\/2022\/04\/09\/idefom-convoca-al-curso-de-fundamentos-basicos-para-la-gestion-documental\/","title":{"rendered":"IDEFOM convoca al curso de Fundamentos B\u00e1sicos para la gesti\u00f3n documental"},"content":{"rendered":"\n<figure class=\"wp-block-image\"><img fetchpriority=\"high\" decoding=\"async\" width=\"791\" height=\"1024\" src=\"https::\/\/elreporterohgo.com\/noticias\/wp-content\/uploads\/2022\/04\/WhatsApp-Image-2022-04-08-at-2.32.40-PM-2-791x1024.jpeg\" alt=\"\" class=\"wp-image-48008\" srcset=\"https:\/\/elreporterohgo.com\/noticias\/wp-content\/uploads\/2022\/04\/WhatsApp-Image-2022-04-08-at-2.32.40-PM-2-791x1024.jpeg 791w, https:\/\/elreporterohgo.com\/noticias\/wp-content\/uploads\/2022\/04\/WhatsApp-Image-2022-04-08-at-2.32.40-PM-2-232x300.jpeg 232w, https:\/\/elreporterohgo.com\/noticias\/wp-content\/uploads\/2022\/04\/WhatsApp-Image-2022-04-08-at-2.32.40-PM-2-768x994.jpeg 768w, https:\/\/elreporterohgo.com\/noticias\/wp-content\/uploads\/2022\/04\/WhatsApp-Image-2022-04-08-at-2.32.40-PM-2.jpeg 989w\" sizes=\"(max-width: 791px) 100vw, 791px\" \/><\/figure>\n\n\n\n<figure class=\"wp-block-image\"><img decoding=\"async\" width=\"1024\" height=\"682\" src=\"https::\/\/elreporterohgo.com\/noticias\/wp-content\/uploads\/2022\/04\/WhatsApp-Image-2022-04-08-at-2.32.40-PM-1024x682.jpeg\" alt=\"\" class=\"wp-image-48009\" srcset=\"https:\/\/elreporterohgo.com\/noticias\/wp-content\/uploads\/2022\/04\/WhatsApp-Image-2022-04-08-at-2.32.40-PM-1024x682.jpeg 1024w, https:\/\/elreporterohgo.com\/noticias\/wp-content\/uploads\/2022\/04\/WhatsApp-Image-2022-04-08-at-2.32.40-PM-300x200.jpeg 300w, https:\/\/elreporterohgo.com\/noticias\/wp-content\/uploads\/2022\/04\/WhatsApp-Image-2022-04-08-at-2.32.40-PM-768x512.jpeg 768w, https:\/\/elreporterohgo.com\/noticias\/wp-content\/uploads\/2022\/04\/WhatsApp-Image-2022-04-08-at-2.32.40-PM.jpeg 1280w\" sizes=\"(max-width: 1024px) 100vw, 1024px\" \/><\/figure>\n\n\n\n<p>Pachuca, Hidalgo.- El Congreso del Estado de Hidalgo, mediante el Instituto para el Desarrollo y Fortalecimiento Municipal (IDEFOM) y la secretar\u00eda de Servicios Legislativos, a trav\u00e9s de la direcci\u00f3n de Archivo y Biblioteca, convocan a las y los funcionarios p\u00fablicos hidalguenses a participar en el taller denominado \u201cFundamentos b\u00e1sicos para la gesti\u00f3n documental\u201d.<br><\/p>\n\n\n\n<p>Al respecto, Salvador Sosa, titular del IDEFOM, detall\u00f3 que dicha capacitaci\u00f3n tiene el prop\u00f3sito de replicar, multiplicar y reconocer las buenas pr\u00e1cticas llevadas a cabo durante la gesti\u00f3n de los municipios hidalguenses en materia de inclusi\u00f3n, democracia, seguridad, transparencia, cumplimiento y legalidad.<br><\/p>\n\n\n\n<p>Est\u00e1 dirigido a las y los funcionarios que ejercen responsabilidades en el \u00e1mbito p\u00fablico, para que puedan identificar y cumplir con las obligaciones correspondientes, adem\u00e1s de distinguir los conceptos b\u00e1sicos, actividades administrativas y t\u00e9cnicas que permitan llevar a cabo la planificaci\u00f3n, manejo y organizaci\u00f3n de la documentaci\u00f3n producto del ejercicio de las facultades conferidas dentro de la normatividad municipal, asociada a la gesti\u00f3n documental y de esta forma, dar cumplimiento a la Ley de Archivos para el Estado de Hidalgo.<br><\/p>\n\n\n\n<p>La capacitaci\u00f3n contar\u00e1 con el siguiente contenido: generalidades de la gesti\u00f3n documental, normatividad en materia de archivos, ciclo vital del documento, sistema institucional de archivos e instrumentos de control y consulta.&nbsp;<br><\/p>\n\n\n\n<p>Podr\u00e1n participar titulares del archivo municipal, titulares de la secretar\u00eda General Municipal, Contralor\u00eda, directores de las \u00e1reas administrativas, por citar parte y deber\u00e1n registrar su asistencia por medio del correo institucional: idefom2021@qmail.com a m\u00e1s tardar el 18 de abril hasta las 13:00 horas, o mediante el formulario que se despliega en el siguiente enlace: <a href=\"https:s:\/\/docs.google.com\/forms\/dle\/1FAlpQLSdQBCPmEuheqZJq83+Bx2Wo-GUM4AApksPOmhvUBqriBIdiA\/viewform?uspEpp_url\">https:s:\/\/docs.google.com\/forms\/dle\/1FAlpQLSdQBCPmEuheqZJq83+Bx2Wo-GUM4AApksPOmhvUBqriBIdiA\/viewform?uspEpp_url<\/a><br><\/p>\n\n\n\n<p>La actividad est\u00e1 programada para seis horas diferidas en dos sesiones virtuales; al concluir se entregar\u00e1 a los asistentes un reconocimiento de participaci\u00f3n.<br><\/p>\n","protected":false},"excerpt":{"rendered":"<p>Pachuca, Hidalgo.- El Congreso del Estado de Hidalgo, mediante el Instituto para el Desarrollo y Fortalecimiento Municipal (IDEFOM) y la secretar\u00eda de Servicios Legislativos, a trav\u00e9s de la direcci\u00f3n de Archivo y Biblioteca, convocan a las y los funcionarios p\u00fablicos hidalguenses a participar en el taller denominado \u201cFundamentos b\u00e1sicos para la gesti\u00f3n documental\u201d. Al respecto,<\/p>\n","protected":false},"author":2,"featured_media":48009,"comment_status":"open","ping_status":"closed","sticky":false,"template":"","format":"standard","meta":{"footnotes":""},"categories":[10],"tags":[],"class_list":{"0":"post-48007","1":"post","2":"type-post","3":"status-publish","4":"format-standard","5":"has-post-thumbnail","7":"category-hidalgo"},"_links":{"self":[{"href":"https:\/\/elreporterohgo.com\/noticias\/wp-json\/wp\/v2\/posts\/48007","targetHints":{"allow":["GET"]}}],"collection":[{"href":"https:\/\/elreporterohgo.com\/noticias\/wp-json\/wp\/v2\/posts"}],"about":[{"href":"https:\/\/elreporterohgo.com\/noticias\/wp-json\/wp\/v2\/types\/post"}],"author":[{"embeddable":true,"href":"https:\/\/elreporterohgo.com\/noticias\/wp-json\/wp\/v2\/users\/2"}],"replies":[{"embeddable":true,"href":"https:\/\/elreporterohgo.com\/noticias\/wp-json\/wp\/v2\/comments?post=48007"}],"version-history":[{"count":1,"href":"https:\/\/elreporterohgo.com\/noticias\/wp-json\/wp\/v2\/posts\/48007\/revisions"}],"predecessor-version":[{"id":48010,"href":"https:\/\/elreporterohgo.com\/noticias\/wp-json\/wp\/v2\/posts\/48007\/revisions\/48010"}],"wp:featuredmedia":[{"embeddable":true,"href":"https:\/\/elreporterohgo.com\/noticias\/wp-json\/wp\/v2\/media\/48009"}],"wp:attachment":[{"href":"https:\/\/elreporterohgo.com\/noticias\/wp-json\/wp\/v2\/media?parent=48007"}],"wp:term":[{"taxonomy":"category","embeddable":true,"href":"https:\/\/elreporterohgo.com\/noticias\/wp-json\/wp\/v2\/categories?post=48007"},{"taxonomy":"post_tag","embeddable":true,"href":"https:\/\/elreporterohgo.com\/noticias\/wp-json\/wp\/v2\/tags?post=48007"}],"curies":[{"name":"wp","href":"https:\/\/api.w.org\/{rel}","templated":true}]}}