{"id":47992,"date":"2022-04-09T12:45:06","date_gmt":"2022-04-09T17:45:06","guid":{"rendered":"https:\/\/elreporterohgo.com\/noticias\/?p=47992"},"modified":"2022-04-09T12:45:07","modified_gmt":"2022-04-09T17:45:07","slug":"menchaca-ofrece-un-gobierno-a-la-altura-de-las-y-los-hidalguenses","status":"publish","type":"post","link":"https:\/\/elreporterohgo.com\/noticias\/2022\/04\/09\/menchaca-ofrece-un-gobierno-a-la-altura-de-las-y-los-hidalguenses\/","title":{"rendered":"Menchaca ofrece un gobierno a la altura de las y los hidalguenses"},"content":{"rendered":"\n<figure class=\"wp-block-image\"><img fetchpriority=\"high\" decoding=\"async\" width=\"1024\" height=\"689\" src=\"https::\/\/elreporterohgo.com\/noticias\/wp-content\/uploads\/2022\/04\/040822-Tepeji-del-R\u00edo-Julio-Menchaca-1-2-1024x689.jpg\" alt=\"\" class=\"wp-image-47993\" srcset=\"https:\/\/elreporterohgo.com\/noticias\/wp-content\/uploads\/2022\/04\/040822-Tepeji-del-R\u00edo-Julio-Menchaca-1-2-1024x689.jpg 1024w, https:\/\/elreporterohgo.com\/noticias\/wp-content\/uploads\/2022\/04\/040822-Tepeji-del-R\u00edo-Julio-Menchaca-1-2-300x202.jpg 300w, https:\/\/elreporterohgo.com\/noticias\/wp-content\/uploads\/2022\/04\/040822-Tepeji-del-R\u00edo-Julio-Menchaca-1-2-768x516.jpg 768w\" sizes=\"(max-width: 1024px) 100vw, 1024px\" \/><\/figure>\n\n\n\n<p><strong>Tepeji del R\u00edo, Hgo.- <\/strong>Julio Menchaca Salazar, candidato com\u00fan de Morena, Partido del Trabajo y Partido Nueva Alianza Hidalgo, se comprometi\u00f3 a encabezar un gobierno que est\u00e9 a la altura de las y los hidalguenses, que represente verdaderamente sus anhelos de cambio, en caso de que el voto del pueblo lo favorezca.<\/p>\n\n\n\n<p>Durante su gira por los\nmunicipios de Tezontepec de Aldama y Tepeji del R\u00edo, junto al aspirante a\ngobernador tambi\u00e9n asisti\u00f3 Mario Delgado Carrillo, presidente nacional de\nMorena, quien destac\u00f3 que las multitudes que se han congregado en los m\u00edtines\nde Julio Menchaca muestran una gran alegr\u00eda porque existe una enorme esperanza\nde transformaci\u00f3n en Hidalgo.<\/p>\n\n\n\n<p>\u201cVamos a terminar con\ncasi 100 a\u00f1o de malos gobiernos, de abusos, de excesos, de gobiernos\ninsensibles y corruptos. Ya no hay pueblo que aguante tantas desgracias\u201d,\npuntualiz\u00f3 Delgado.<\/p>\n\n\n\n<p>En su oportunidad,\nMenchaca Salazar asegur\u00f3 que en todo el territorio estatal la gente padece\ncarencias serias, pero dijo que en Hidalgo se har\u00e1 la demostraci\u00f3n de fuerza y\ndecisi\u00f3n al ejercer el derecho y la obligaci\u00f3n de salir a votar el 5 de junio.<\/p>\n\n\n\n<p>El candidato reiter\u00f3\nque todo el \u00edmpetu, el \u00e1nimo y la dedicaci\u00f3n de las y los asistentes a los\ndiferentes actos de campa\u00f1a, se debe trasladar a un ejercicio transparente de\ngobierno, para dar a las y los hidalguenses el gobierno que est\u00e9 a la altura de\nsus aspiraciones.<\/p>\n\n\n\n<p>Asegur\u00f3 tambi\u00e9n que las\npropuestas deben emanar de las m\u00e1s profundas necesidades de la poblaci\u00f3n,\ncentradas en la realidad de las distintas comunidades, y acordes a las condiciones\nde cada municipio.<\/p>\n\n\n\n<p>Primo Sarabia,\nencargado de dar el mensaje de bienvenida a Menchaca, le asegur\u00f3 que Tezontepec\nes su casa y es siempre bienvenido, pero le pidi\u00f3 tambi\u00e9n que, como en\ncualquier casa, debe cuidarla, proveerla y darle atenci\u00f3n a sus principales\nnecesidades.<\/p>\n\n\n\n<p>Posteriormente,\nprocedieron a hacer la ceremonia de entrega del Bast\u00f3n de Mando en manos de\nJulio Menchaca, como muestra del respeto de las comunidades ind\u00edgenas de la\nregi\u00f3n.<\/p>\n\n\n\n<p>Dentro de su gira\nproselitista por esta regi\u00f3n del mezquital, en la comunidad ind\u00edgena de San\nIldefonso, municipio de Tepeji del R\u00edo, se congregaron m\u00e1s de 2 mil habitantes.\nAh\u00ed, Menchaca estuvo acompa\u00f1ado por la gobernadora tradicional de la comunidad\nh\u00f1ah\u00f1\u00fa, Patricia Jim\u00e9nez. <\/p>\n\n\n\n<p>Como parte de sus compromisos\nde campa\u00f1a, Menchaca se comprometi\u00f3 con las y los pobladores a respaldar y\napoyar a artesanos y m\u00fasicos de esa regi\u00f3n. Adem\u00e1s, escuch\u00f3 las diversas\ndemandas de la comunidad, sobre todo en materia de educaci\u00f3n, m\u00fasica y cultura,\napoyo a mujeres y en desarrollo econ\u00f3mico.<\/p>\n\n\n\n<p>En el camino entre\nambos municipios, un nutrido n\u00famero de personas esper\u00f3 a la orilla de la\ncarretera al aspirante a gobernador para saludarlo y tomarse fotos, hacerle\nllegar peticiones y manifestarle su total respaldo en este proceso electoral.<\/p>\n\n\n\n<p>En esta gira, adem\u00e1s\ndel dirigente nacional Mario Delgado, el candidato estuvo acompa\u00f1ado por Sandra\nOrd\u00f3\u00f1ez P\u00e9rez, presidenta del Comit\u00e9 Directivo Estatal de Morena en Hidalgo.<\/p>\n","protected":false},"excerpt":{"rendered":"<p>Tepeji del R\u00edo, Hgo.- Julio Menchaca Salazar, candidato com\u00fan de Morena, Partido del Trabajo y Partido Nueva Alianza Hidalgo, se comprometi\u00f3 a encabezar un gobierno que est\u00e9 a la altura de las y los hidalguenses, que represente verdaderamente sus anhelos de cambio, en caso de que el voto del pueblo lo favorezca. Durante su gira<\/p>\n","protected":false},"author":2,"featured_media":47993,"comment_status":"open","ping_status":"closed","sticky":false,"template":"","format":"standard","meta":{"footnotes":""},"categories":[10],"tags":[],"class_list":{"0":"post-47992","1":"post","2":"type-post","3":"status-publish","4":"format-standard","5":"has-post-thumbnail","7":"category-hidalgo"},"_links":{"self":[{"href":"https:\/\/elreporterohgo.com\/noticias\/wp-json\/wp\/v2\/posts\/47992","targetHints":{"allow":["GET"]}}],"collection":[{"href":"https:\/\/elreporterohgo.com\/noticias\/wp-json\/wp\/v2\/posts"}],"about":[{"href":"https:\/\/elreporterohgo.com\/noticias\/wp-json\/wp\/v2\/types\/post"}],"author":[{"embeddable":true,"href":"https:\/\/elreporterohgo.com\/noticias\/wp-json\/wp\/v2\/users\/2"}],"replies":[{"embeddable":true,"href":"https:\/\/elreporterohgo.com\/noticias\/wp-json\/wp\/v2\/comments?post=47992"}],"version-history":[{"count":1,"href":"https:\/\/elreporterohgo.com\/noticias\/wp-json\/wp\/v2\/posts\/47992\/revisions"}],"predecessor-version":[{"id":47994,"href":"https:\/\/elreporterohgo.com\/noticias\/wp-json\/wp\/v2\/posts\/47992\/revisions\/47994"}],"wp:featuredmedia":[{"embeddable":true,"href":"https:\/\/elreporterohgo.com\/noticias\/wp-json\/wp\/v2\/media\/47993"}],"wp:attachment":[{"href":"https:\/\/elreporterohgo.com\/noticias\/wp-json\/wp\/v2\/media?parent=47992"}],"wp:term":[{"taxonomy":"category","embeddable":true,"href":"https:\/\/elreporterohgo.com\/noticias\/wp-json\/wp\/v2\/categories?post=47992"},{"taxonomy":"post_tag","embeddable":true,"href":"https:\/\/elreporterohgo.com\/noticias\/wp-json\/wp\/v2\/tags?post=47992"}],"curies":[{"name":"wp","href":"https:\/\/api.w.org\/{rel}","templated":true}]}}