{"id":47987,"date":"2022-04-09T11:35:42","date_gmt":"2022-04-09T16:35:42","guid":{"rendered":"https:\/\/elreporterohgo.com\/noticias\/?p=47987"},"modified":"2022-04-09T11:35:43","modified_gmt":"2022-04-09T16:35:43","slug":"%ef%bb%bfdespues-de-junio-viene-julio-claman-pobladores-de-tula-de-allende","status":"publish","type":"post","link":"https:\/\/elreporterohgo.com\/noticias\/2022\/04\/09\/%ef%bb%bfdespues-de-junio-viene-julio-claman-pobladores-de-tula-de-allende\/","title":{"rendered":"\ufeff\u201cDespu\u00e9s de junio viene Julio\u201d, claman pobladores de Tula de Allende"},"content":{"rendered":"\n<p><strong>\u201cDespu\u00e9s\nde junio viene Julio\u201d, claman pobladores de Tula de Allende<\/strong><\/p>\n\n\n\n<figure class=\"wp-block-image\"><img fetchpriority=\"high\" decoding=\"async\" width=\"1024\" height=\"682\" src=\"https::\/\/elreporterohgo.com\/noticias\/wp-content\/uploads\/2022\/04\/09c10406-a1fd-45bf-97f5-f14b5dcb745d-1024x682.jpg\" alt=\"\" class=\"wp-image-47988\" srcset=\"https:\/\/elreporterohgo.com\/noticias\/wp-content\/uploads\/2022\/04\/09c10406-a1fd-45bf-97f5-f14b5dcb745d-1024x682.jpg 1024w, https:\/\/elreporterohgo.com\/noticias\/wp-content\/uploads\/2022\/04\/09c10406-a1fd-45bf-97f5-f14b5dcb745d-300x200.jpg 300w, https:\/\/elreporterohgo.com\/noticias\/wp-content\/uploads\/2022\/04\/09c10406-a1fd-45bf-97f5-f14b5dcb745d-768x511.jpg 768w, https:\/\/elreporterohgo.com\/noticias\/wp-content\/uploads\/2022\/04\/09c10406-a1fd-45bf-97f5-f14b5dcb745d.jpg 1280w\" sizes=\"(max-width: 1024px) 100vw, 1024px\" \/><\/figure>\n\n\n\n<figure class=\"wp-block-image\"><img decoding=\"async\" width=\"1024\" height=\"766\" src=\"https::\/\/elreporterohgo.com\/noticias\/wp-content\/uploads\/2022\/04\/3a4da18a-a7ca-4f31-9d53-ac3e76b299c2-1024x766.jpg\" alt=\"\" class=\"wp-image-47989\" srcset=\"https:\/\/elreporterohgo.com\/noticias\/wp-content\/uploads\/2022\/04\/3a4da18a-a7ca-4f31-9d53-ac3e76b299c2-1024x766.jpg 1024w, https:\/\/elreporterohgo.com\/noticias\/wp-content\/uploads\/2022\/04\/3a4da18a-a7ca-4f31-9d53-ac3e76b299c2-300x225.jpg 300w, https:\/\/elreporterohgo.com\/noticias\/wp-content\/uploads\/2022\/04\/3a4da18a-a7ca-4f31-9d53-ac3e76b299c2-768x575.jpg 768w, https:\/\/elreporterohgo.com\/noticias\/wp-content\/uploads\/2022\/04\/3a4da18a-a7ca-4f31-9d53-ac3e76b299c2.jpg 1280w\" sizes=\"(max-width: 1024px) 100vw, 1024px\" \/><\/figure>\n\n\n\n<p>Julio Menchaca\nSalazar, candidato com\u00fan de Morena y de los partidos Nueva Alianza y del\nTrabajo a la gubernatura del estado de Hidalgo, recibi\u00f3 todo el apoyo de las y\nlos habitantes de Tula de Allende, donde, \u201ccomo en el resto de las 4 mil 692\ncomunidades del estado el reclamo es por las necesidades m\u00e1s b\u00e1sicas, y eso hay\nque detenerlo y revertirlo\u201d, afirm\u00f3 el aspirante.<\/p>\n\n\n\n<p>Menchaca enumer\u00f3\nparte de las calamidades que afectan al estado: caminos intransitables,\nescuelas cay\u00e9ndose y centros de salud sin m\u00e9dicos ni medicinas, habiendo 7 mil\nmillones de presupuesto.<\/p>\n\n\n\n<p>\u201cSe va diluyendo el\ndinero al bolsillo de muy pocos y la gente sigue en el reclamo de sus\nnecesidades m\u00e1s b\u00e1sicas\u201d, lament\u00f3 el aspirante al gobierno del estado de\nHidalgo.<\/p>\n\n\n\n<p>En Tula, cuna de una\nde las culturas m\u00e1s importantes de Mesoam\u00e9rica, Julio Menchaca celebr\u00f3 la\nemoci\u00f3n, fuerza y dignidad de un pueblo que, asegur\u00f3, tiene valor y dignidad.<\/p>\n\n\n\n<p>Y lo aclar\u00f3,\naludiendo a las inundaciones del 6 y 7 de septiembre pasado en la regi\u00f3n: \u201cNo\ntenemos que venir en la madrugada para evadir el reclamo de la poblaci\u00f3n. Aqu\u00ed\nest\u00e1 el dolor, por eso les digo mir\u00e1ndonos a los ojos: no les voy a fallar, no\ntengo derecho a equivocarme\u201d. <\/p>\n\n\n\n<p>Ratific\u00f3 que su\napuesta es atender las necesidades m\u00e1s apremiantes, hacer de Hidalgo una\npotencia y, a partir de ah\u00ed, generar bienestar en favor de los m\u00e1s pobres. Esa\nes la premisa de la transformaci\u00f3n que impulsa el presidente Andr\u00e9s Manuel\nL\u00f3pez Obrador, asegur\u00f3.<\/p>\n\n\n\n<p>Y, en medio del respaldo\nde los tres mil asistentes al mitin realizado en la explanada del Teatro al\nAire Libre, en el centro de Tula, alert\u00f3: \u201cNo nos confiemos y dejemos de ir a\nvotar en junio\u201d. En respuesta, las y los asistentes clamaron que \u00a1despu\u00e9s de\njunio viene Julio!<\/p>\n\n\n\n<p>El candidato de \u201cJuntos\nHacemos Historia\u201d destac\u00f3 la importancia de, en esta campa\u00f1a, tocar puertas y\ncorazones. \u201cEl reto es trasladar la esperanza a la realidad\u201d, subray\u00f3 Julio\nMenchaca, quien dijo que en Tula hay experiencia de trabajadores petroleros,\ncampesinos, electricistas, mujeres, j\u00f3venes y hombres. Lo importante, dijo, es\ntrabajar y, juntos, sacar adelante a Hidalgo.<\/p>\n\n\n\n<p>Tras reiterar que la\nsociedad tiene en Julio Menchaca a un aliado, insisti\u00f3 en la correcta\nutilizaci\u00f3n del presupuesto. \u201cBienvenida la austeridad y el uso adecuado de los\nrecursos, y lo vamos a hacer con ustedes\u201d.<\/p>\n\n\n\n<p>Antes de la\nparticipaci\u00f3n del aspirante a gobernador, los tulenses advirtieron que ya no\nquieren despensas podridas ni que prosiga la insensibilidad de las autoridades\nestatales y municipales porque, se destacaron, el municipio es un pueblo de\nguerreros provenientes de los atlantes y de ah\u00ed que hoy abracen la esperanza.<\/p>\n\n\n\n<p>Sandra Ordo\u00f1ez,\npresidenta de Morena en Hidalgo, asegur\u00f3 que el cambio lleg\u00f3 a Hidalgo con la\napertura e inclusi\u00f3n de las mujeres y adultos mayores. Coment\u00f3 que en Morena\ncaben todas y todos y, \u201cunidos, vamos por la esperanza porque somos los\nprotagonistas del cambio verdadero\u201d.<\/p>\n\n\n\n<p>Antes, la diputada\nfederal Simey Olvera consider\u00f3 que los adversarios pol\u00edticos no tienen cara\npara pedir el voto. \u201cNos han saqueado y a\u00fan a aquellos a los que en alg\u00fan\nmomento Morena acogi\u00f3 hoy denostan. Hacen un triste papel\u201d, asegur\u00f3.<\/p>\n\n\n","protected":false},"excerpt":{"rendered":"<p>\u201cDespu\u00e9s de junio viene Julio\u201d, claman pobladores de Tula de Allende Julio Menchaca Salazar, candidato com\u00fan de Morena y de los partidos Nueva Alianza y del Trabajo a la gubernatura del estado de Hidalgo, recibi\u00f3 todo el apoyo de las y los habitantes de Tula de Allende, donde, \u201ccomo en el resto de las 4<\/p>\n","protected":false},"author":2,"featured_media":47989,"comment_status":"open","ping_status":"closed","sticky":false,"template":"","format":"standard","meta":{"footnotes":""},"categories":[10],"tags":[],"class_list":{"0":"post-47987","1":"post","2":"type-post","3":"status-publish","4":"format-standard","5":"has-post-thumbnail","7":"category-hidalgo"},"_links":{"self":[{"href":"https:\/\/elreporterohgo.com\/noticias\/wp-json\/wp\/v2\/posts\/47987","targetHints":{"allow":["GET"]}}],"collection":[{"href":"https:\/\/elreporterohgo.com\/noticias\/wp-json\/wp\/v2\/posts"}],"about":[{"href":"https:\/\/elreporterohgo.com\/noticias\/wp-json\/wp\/v2\/types\/post"}],"author":[{"embeddable":true,"href":"https:\/\/elreporterohgo.com\/noticias\/wp-json\/wp\/v2\/users\/2"}],"replies":[{"embeddable":true,"href":"https:\/\/elreporterohgo.com\/noticias\/wp-json\/wp\/v2\/comments?post=47987"}],"version-history":[{"count":1,"href":"https:\/\/elreporterohgo.com\/noticias\/wp-json\/wp\/v2\/posts\/47987\/revisions"}],"predecessor-version":[{"id":47990,"href":"https:\/\/elreporterohgo.com\/noticias\/wp-json\/wp\/v2\/posts\/47987\/revisions\/47990"}],"wp:featuredmedia":[{"embeddable":true,"href":"https:\/\/elreporterohgo.com\/noticias\/wp-json\/wp\/v2\/media\/47989"}],"wp:attachment":[{"href":"https:\/\/elreporterohgo.com\/noticias\/wp-json\/wp\/v2\/media?parent=47987"}],"wp:term":[{"taxonomy":"category","embeddable":true,"href":"https:\/\/elreporterohgo.com\/noticias\/wp-json\/wp\/v2\/categories?post=47987"},{"taxonomy":"post_tag","embeddable":true,"href":"https:\/\/elreporterohgo.com\/noticias\/wp-json\/wp\/v2\/tags?post=47987"}],"curies":[{"name":"wp","href":"https:\/\/api.w.org\/{rel}","templated":true}]}}