{"id":47970,"date":"2022-04-08T15:47:57","date_gmt":"2022-04-08T20:47:57","guid":{"rendered":"https:\/\/elreporterohgo.com\/noticias\/?p=47970"},"modified":"2022-04-08T15:47:58","modified_gmt":"2022-04-08T20:47:58","slug":"calida-recepcion-a-julio-menchaca-en-pachuquilla","status":"publish","type":"post","link":"https:\/\/elreporterohgo.com\/noticias\/2022\/04\/08\/calida-recepcion-a-julio-menchaca-en-pachuquilla\/","title":{"rendered":"C\u00e1lida recepci\u00f3n a Julio Menchaca en Pachuquilla"},"content":{"rendered":"\n<figure class=\"wp-block-image\"><img fetchpriority=\"high\" decoding=\"async\" width=\"1024\" height=\"574\" src=\"https::\/\/elreporterohgo.com\/noticias\/wp-content\/uploads\/2022\/04\/080422-Pza-de-la-Justicia-Pachuquilla-Fotograf\u00edas-2-1024x574.jpeg\" alt=\"\" class=\"wp-image-47971\" srcset=\"https:\/\/elreporterohgo.com\/noticias\/wp-content\/uploads\/2022\/04\/080422-Pza-de-la-Justicia-Pachuquilla-Fotograf\u00edas-2-1024x574.jpeg 1024w, https:\/\/elreporterohgo.com\/noticias\/wp-content\/uploads\/2022\/04\/080422-Pza-de-la-Justicia-Pachuquilla-Fotograf\u00edas-2-300x168.jpeg 300w, https:\/\/elreporterohgo.com\/noticias\/wp-content\/uploads\/2022\/04\/080422-Pza-de-la-Justicia-Pachuquilla-Fotograf\u00edas-2-768x431.jpeg 768w, https:\/\/elreporterohgo.com\/noticias\/wp-content\/uploads\/2022\/04\/080422-Pza-de-la-Justicia-Pachuquilla-Fotograf\u00edas-2.jpeg 1280w\" sizes=\"(max-width: 1024px) 100vw, 1024px\" \/><\/figure>\n\n\n\n\n\n<p><strong>Mineral\nde la Reforma, Hgo.- <\/strong>Al grito de \u00a1gobernador! \u00a1gobernador!,\nhombres y mujeres de Mineral de la Reforma y municipios vecinos que se\ncongregaron en la plaza principal de Pachuquilla, recibieron a Julio Menchaca\nSalazar, candidato com\u00fan de Morena, Partido del Trabajo y Partido Nueva Alianza\nHidalgo.<\/p>\n\n\n\n<p>Miles de voces se\nunieron para abrazar la esperanza por la transformaci\u00f3n del estado por medio\ndel proyecto que encabeza Menchaca Salazar, quien destac\u00f3 que estas muestras de\nafecto son la prueba de que el cambio se acerca.<\/p>\n\n\n\n<p>El aspirante a\ngobernador afirm\u00f3: \u201cEsa emoci\u00f3n que flota en el ambiente es lo que nos\npermitir\u00e1 trasformar a Hidalgo. Los adversarios est\u00e1n diciendo que sacamos\nfotos inventadas, que no tenemos el respaldo del pueblo; pero con este\nentusiasmo y esta respuesta de ustedes les decimos: \u00a1les vamos a ganar!\u201d.<\/p>\n\n\n\n<p>El abanderado de\n\u201cJuntos Hacemos Historia\u201d dijo que, mediante este proceso democr\u00e1tico, el\nmovimiento que encabeza obtendr\u00e1 la gubernatura porque se fundamenta en mujeres\ny hombres de buena voluntad, que aman profundamente a su estado y a su municipio.\n<\/p>\n\n\n\n<p>\u201cEs un honor estar en\nMineral de la Reforma, tierra de gente \u00edntegra y trabajadora, donde con unidad\nvamos a demostrar de qu\u00e9 estamos hechos, porque hoy Morena, PT y Nueva Alianza\nse nutren de la esencia del pueblo de Hidalgo\u201d, asegur\u00f3 durante su discurso. <\/p>\n\n\n\n<p>Destac\u00f3 que su\nproyecto tiene como principal objetivo hacer un gobierno diferente, que utilice\ncorrectamente los recursos p\u00fablicos y que combata la corrupci\u00f3n en todos los\nniveles. <\/p>\n\n\n\n<p>Puntualiz\u00f3 que este\nmovimiento incluyente, se construye con la participaci\u00f3n de gente convencida en\ndefender las decisiones que toma.<\/p>\n\n\n\n<p>Julio Menchaca\nasever\u00f3 que las mujeres y hombres que marchan a su lado en este proceso\nelectoral van a tocar puertas y a tocar corazones, para que, si el voto de la\nmayor\u00eda as\u00ed lo decide, impulse un gobierno con la gente y para la gente.\n\u201cAbrazamos la esperanza de transformar a Hidalgo, y no vamos a desaprovechar la\noportunidad\u201d, enfatiz\u00f3.<\/p>\n\n\n\n<p>En el pres\u00eddium\nacompa\u00f1aron al candidato Sandra Ord\u00f3\u00f1ez P\u00e9rez, presidenta del Comit\u00e9 Directivo\nEstatal de Morena en Hidalgo; Sergio Hern\u00e1ndez Hern\u00e1ndez, presidente del Comit\u00e9\nDirectivo Estatal del PNAH, y Natividad Castrej\u00f3n Valdez, coordinador general\nde los trabajos de campa\u00f1a.<\/p>\n","protected":false},"excerpt":{"rendered":"<p>Mineral de la Reforma, Hgo.- Al grito de \u00a1gobernador! \u00a1gobernador!, hombres y mujeres de Mineral de la Reforma y municipios vecinos que se congregaron en la plaza principal de Pachuquilla, recibieron a Julio Menchaca Salazar, candidato com\u00fan de Morena, Partido del Trabajo y Partido Nueva Alianza Hidalgo. Miles de voces se unieron para abrazar la<\/p>\n","protected":false},"author":2,"featured_media":47971,"comment_status":"open","ping_status":"closed","sticky":false,"template":"","format":"standard","meta":{"footnotes":""},"categories":[10],"tags":[],"class_list":{"0":"post-47970","1":"post","2":"type-post","3":"status-publish","4":"format-standard","5":"has-post-thumbnail","7":"category-hidalgo"},"_links":{"self":[{"href":"https:\/\/elreporterohgo.com\/noticias\/wp-json\/wp\/v2\/posts\/47970","targetHints":{"allow":["GET"]}}],"collection":[{"href":"https:\/\/elreporterohgo.com\/noticias\/wp-json\/wp\/v2\/posts"}],"about":[{"href":"https:\/\/elreporterohgo.com\/noticias\/wp-json\/wp\/v2\/types\/post"}],"author":[{"embeddable":true,"href":"https:\/\/elreporterohgo.com\/noticias\/wp-json\/wp\/v2\/users\/2"}],"replies":[{"embeddable":true,"href":"https:\/\/elreporterohgo.com\/noticias\/wp-json\/wp\/v2\/comments?post=47970"}],"version-history":[{"count":1,"href":"https:\/\/elreporterohgo.com\/noticias\/wp-json\/wp\/v2\/posts\/47970\/revisions"}],"predecessor-version":[{"id":47972,"href":"https:\/\/elreporterohgo.com\/noticias\/wp-json\/wp\/v2\/posts\/47970\/revisions\/47972"}],"wp:featuredmedia":[{"embeddable":true,"href":"https:\/\/elreporterohgo.com\/noticias\/wp-json\/wp\/v2\/media\/47971"}],"wp:attachment":[{"href":"https:\/\/elreporterohgo.com\/noticias\/wp-json\/wp\/v2\/media?parent=47970"}],"wp:term":[{"taxonomy":"category","embeddable":true,"href":"https:\/\/elreporterohgo.com\/noticias\/wp-json\/wp\/v2\/categories?post=47970"},{"taxonomy":"post_tag","embeddable":true,"href":"https:\/\/elreporterohgo.com\/noticias\/wp-json\/wp\/v2\/tags?post=47970"}],"curies":[{"name":"wp","href":"https:\/\/api.w.org\/{rel}","templated":true}]}}