{"id":47956,"date":"2022-04-07T23:14:44","date_gmt":"2022-04-08T04:14:44","guid":{"rendered":"https:\/\/elreporterohgo.com\/noticias\/?p=47956"},"modified":"2022-04-07T23:14:45","modified_gmt":"2022-04-08T04:14:45","slug":"proteinas-en-la-saliva-pueden-ayudar-a-predecir-si-tendras-covid-grave","status":"publish","type":"post","link":"https:\/\/elreporterohgo.com\/noticias\/2022\/04\/07\/proteinas-en-la-saliva-pueden-ayudar-a-predecir-si-tendras-covid-grave\/","title":{"rendered":"Prote\u00ednas en la saliva pueden ayudar a predecir si tendr\u00e1s COVID grave"},"content":{"rendered":"\n<ul class=\"wp-block-list\"><li>Esas prote\u00ednas se llaman ligandos de efrina, y registran una fuerte presencia en personas hospitalizadas por el coronavirus.<\/li><\/ul>\n\n\n\n<p>La presencia de una familia de&nbsp;<strong>prote\u00ednas<\/strong>&nbsp;en la&nbsp;<strong>saliva&nbsp;<\/strong>est\u00e1 significativamente elevada en los pacientes hospitalizados por COVID-19 y podr\u00edan servir como biomarcador para ayudar a identificar a los pacientes que corren el riesgo de sufrir esa enfermedad de forma&nbsp;<strong>grave<\/strong>.<\/p>\n\n\n\n<p>Las prote\u00ednas conocidas como ligandos de efrina \u201cson detectables en las muestras de saliva y podr\u00edan servir como marcadores complementarios para supervisar la progresi\u00f3n de la COVID-19\u2033, se\u00f1al\u00f3 Erika Egal, de la Universidad de Utah y firmante del art\u00edculo.<\/p>\n\n\n\n<p>Los investigadores analizaron muestras de\u00a0<strong>saliva\u00a0<\/strong>recogidas de pacientes ingresados en urgencias con s\u00edntomas respiratorios y descubrieron que la presencia de ligandos de efrina en la\u00a0<strong>saliva\u00a0<\/strong>\u201cestaba fuertemente asociada\u201d al diagn\u00f3stico de la covid-19 grave.<\/p>\n\n\n\n<p>La b\u00fasqueda de efrinas en la <strong>saliva\u00a0<\/strong>podr\u00eda ofrecer una forma sencilla y no invasiva de proporcionar pruebas de corroboraci\u00f3n cuando hay inconsistencia entre los resultados de las pruebas y el cuadro cl\u00ednico, dijo Egal.<\/p>\n\n\n\n<p>Estudios anteriores sugieren que las efrinas desempe\u00f1an un papel en las lesiones y la inflamaci\u00f3n, y el equipo considera que los resultados de esta investigaci\u00f3n podr\u00edan ayudar a arrojar luz sobre los procesos biol\u00f3gicos implicados en las reacciones graves a la infecci\u00f3n por SARS-CoV-2.<\/p>\n\n\n\n<p>Sin embargo, se\u00f1alaron, hacen falta m\u00e1s investigaciones para determinar si las concentraciones de efrina est\u00e1n relacionadas con una mayor probabilidad de hospitalizaci\u00f3n, enfermedad cr\u00edtica o muerte.<\/p>\n\n\n\n<p>Adem\u00e1s, agregaron, a medida que surgen nuevas variantes puede ser dif\u00edcil saber si las pruebas existentes son capaces de detectar con precisi\u00f3n las infecciones que implican.<\/p>\n\n\n\n<figure class=\"wp-block-image\"><img fetchpriority=\"high\" decoding=\"async\" width=\"1024\" height=\"538\" src=\"https::\/\/elreporterohgo.com\/noticias\/wp-content\/uploads\/2022\/04\/omicron-1024x538.png\" alt=\"\" class=\"wp-image-47957\" srcset=\"https:\/\/elreporterohgo.com\/noticias\/wp-content\/uploads\/2022\/04\/omicron-1024x538.png 1024w, https:\/\/elreporterohgo.com\/noticias\/wp-content\/uploads\/2022\/04\/omicron-300x158.png 300w, https:\/\/elreporterohgo.com\/noticias\/wp-content\/uploads\/2022\/04\/omicron-768x403.png 768w, https:\/\/elreporterohgo.com\/noticias\/wp-content\/uploads\/2022\/04\/omicron.png 1280w\" sizes=\"(max-width: 1024px) 100vw, 1024px\" \/><\/figure>\n","protected":false},"excerpt":{"rendered":"<p>Esas prote\u00ednas se llaman ligandos de efrina, y registran una fuerte presencia en personas hospitalizadas por el coronavirus. La presencia de una familia de&nbsp;prote\u00ednas&nbsp;en la&nbsp;saliva&nbsp;est\u00e1 significativamente elevada en los pacientes hospitalizados por COVID-19 y podr\u00edan servir como biomarcador para ayudar a identificar a los pacientes que corren el riesgo de sufrir esa enfermedad de forma&nbsp;grave.<\/p>\n","protected":false},"author":2,"featured_media":47957,"comment_status":"open","ping_status":"closed","sticky":false,"template":"","format":"standard","meta":{"footnotes":""},"categories":[10],"tags":[],"class_list":{"0":"post-47956","1":"post","2":"type-post","3":"status-publish","4":"format-standard","5":"has-post-thumbnail","7":"category-hidalgo"},"_links":{"self":[{"href":"https:\/\/elreporterohgo.com\/noticias\/wp-json\/wp\/v2\/posts\/47956","targetHints":{"allow":["GET"]}}],"collection":[{"href":"https:\/\/elreporterohgo.com\/noticias\/wp-json\/wp\/v2\/posts"}],"about":[{"href":"https:\/\/elreporterohgo.com\/noticias\/wp-json\/wp\/v2\/types\/post"}],"author":[{"embeddable":true,"href":"https:\/\/elreporterohgo.com\/noticias\/wp-json\/wp\/v2\/users\/2"}],"replies":[{"embeddable":true,"href":"https:\/\/elreporterohgo.com\/noticias\/wp-json\/wp\/v2\/comments?post=47956"}],"version-history":[{"count":1,"href":"https:\/\/elreporterohgo.com\/noticias\/wp-json\/wp\/v2\/posts\/47956\/revisions"}],"predecessor-version":[{"id":47958,"href":"https:\/\/elreporterohgo.com\/noticias\/wp-json\/wp\/v2\/posts\/47956\/revisions\/47958"}],"wp:featuredmedia":[{"embeddable":true,"href":"https:\/\/elreporterohgo.com\/noticias\/wp-json\/wp\/v2\/media\/47957"}],"wp:attachment":[{"href":"https:\/\/elreporterohgo.com\/noticias\/wp-json\/wp\/v2\/media?parent=47956"}],"wp:term":[{"taxonomy":"category","embeddable":true,"href":"https:\/\/elreporterohgo.com\/noticias\/wp-json\/wp\/v2\/categories?post=47956"},{"taxonomy":"post_tag","embeddable":true,"href":"https:\/\/elreporterohgo.com\/noticias\/wp-json\/wp\/v2\/tags?post=47956"}],"curies":[{"name":"wp","href":"https:\/\/api.w.org\/{rel}","templated":true}]}}