{"id":47913,"date":"2022-04-07T01:14:29","date_gmt":"2022-04-07T06:14:29","guid":{"rendered":"https:\/\/elreporterohgo.com\/noticias\/?p=47913"},"modified":"2022-04-07T01:14:31","modified_gmt":"2022-04-07T06:14:31","slug":"mujeres-y-hombres-del-sector-empresarial-son-prioridad-para-el-progreso-de-hidalgo-julio-menchaca","status":"publish","type":"post","link":"https:\/\/elreporterohgo.com\/noticias\/2022\/04\/07\/mujeres-y-hombres-del-sector-empresarial-son-prioridad-para-el-progreso-de-hidalgo-julio-menchaca\/","title":{"rendered":"Mujeres y hombres del sector empresarial son prioridad para el progreso de Hidalgo: Julio Menchaca"},"content":{"rendered":"\n<figure class=\"wp-block-image\"><img fetchpriority=\"high\" decoding=\"async\" width=\"900\" height=\"589\" src=\"https::\/\/elreporterohgo.com\/noticias\/wp-content\/uploads\/2022\/04\/WhatsApp-Image-2022-04-06-at-12.51.04-PM-2.jpeg\" alt=\"\" class=\"wp-image-47914\" srcset=\"https:\/\/elreporterohgo.com\/noticias\/wp-content\/uploads\/2022\/04\/WhatsApp-Image-2022-04-06-at-12.51.04-PM-2.jpeg 900w, https:\/\/elreporterohgo.com\/noticias\/wp-content\/uploads\/2022\/04\/WhatsApp-Image-2022-04-06-at-12.51.04-PM-2-300x196.jpeg 300w, https:\/\/elreporterohgo.com\/noticias\/wp-content\/uploads\/2022\/04\/WhatsApp-Image-2022-04-06-at-12.51.04-PM-2-768x503.jpeg 768w\" sizes=\"(max-width: 900px) 100vw, 900px\" \/><\/figure>\n\n\n\n<p><strong>Pachuca,\nHidalgo.-<\/strong>\n\u201cLas mujeres y hombres que integran el sector empresarial son una prioridad\npara el progreso del estado\u201d, afirm\u00f3 Julio Menchaca Salazar, candidato com\u00fan de\n\u201cJuntos Hacemos Historia\u201d, quien se pronunci\u00f3 por que Hidalgo sea potencia.<\/p>\n\n\n\n<p>El abanderado de\nMorena, Partido del Trabajo y Partido Nueva Alianza Hidalgo sostuvo una reuni\u00f3n\ncon empresarios que integran la C\u00e1mara Nacional de Comercio, Servicio y Turismo\nde Pachuca, con quienes convers\u00f3 sobre temas trascendentes para la econom\u00eda\nestatal.<\/p>\n\n\n\n<p>En su mensaje,\ndurante el encuentro efectuado en el Tuzoforum de Pachuca, Menchaca Salazar,\nofreci\u00f3 todo el di\u00e1logo y la apertura para el sector empresarial, como una\nmuestra de respeto por los sectores prioritarios. <\/p>\n\n\n\n<p>Luego enfatiz\u00f3: \u201cLos\nretos que tiene Hidalgo son impresionantes. Ustedes conocen las carencias, la\nfalta de infraestructura, malas escuelas, mala salud. \u00a1Pero afirmo\ncontundentemente que Hidalgo ser\u00e1 potencia!\u201d.<\/p>\n\n\n\n<p>Coment\u00f3 que lo m\u00e1s\nvalioso de Hidalgo es su gente: mujeres y hombres \u00edntegros, con deseos de\nsuperar los obst\u00e1culos y salir adelante, y asegur\u00f3 que el camino para lograrlo\nes la unidad.<\/p>\n\n\n\n<p>\u201cOfrezco\npermanentemente mi acompa\u00f1amiento y el mayor de los respetos para ustedes,\nporque no es posible estar denostando a un sector tan importante como el\nempresarial\u201d, manifest\u00f3<strong>. <\/strong><\/p>\n\n\n\n<p>Dej\u00f3 claro que\nquienes crean que las y los empresarios no tienen la capacidad para toman\ndecisiones, ni para ser actores activos de la vida p\u00fablica del estado comenten\nun gran error.<\/p>\n\n\n\n<p>\u201cMi propuesta es la\nsuma de fuerzas, la unidad. La cr\u00edtica debe ser seria y responsable. No con\nbajeza, ni con difamaci\u00f3n, sino cr\u00edtica de altura, constructiva y puntual; sin\nofender nunca, porque quien ofende rompe el clima de paz que deseamos las y los\nhidalguenses\u201d, dijo Julio Menchaca.<\/p>\n\n\n\n<p>El candidato pidi\u00f3 al\nempresariado que lo consideren un aliado en el combate a la corrupci\u00f3n que\ntanto lastima a la actividad econ\u00f3mica, en la b\u00fasqueda de transparencia y en el\ncombate a las trabas burocr\u00e1ticas para facilitar la actividad econ\u00f3mica:\n\u201cAbracemos la esperanza de que Hidalgo sea potencia\u201d, concluy\u00f3.<\/p>\n\n\n\n<p>Por su parte, el\nempresario Miguel Tello Vargas, socio de la CANACO Servytur, coment\u00f3 que el\nprincipal atributo de Julio Menchaca es su honestidad y su compromiso con el\nsector privado estatal.<\/p>\n\n\n\n<p>Tambi\u00e9n asegur\u00f3: \u201cEstoy convencido, como hidalguense y como empresario, que Hidalgo necesita un cambio de rumbo. Y este cambio solamente tiene una v\u00eda. Julio Menchaca representa todo lo que un l\u00edder, servidor y funcionario p\u00fablico puede tener: trabajo, capacidad, astucia y sobre todo honestidad. Con Julio Menchaca, Hidalgo va a crecer\u201d.<\/p>\n\n\n\n<figure class=\"wp-block-image\"><img decoding=\"async\" width=\"1024\" height=\"682\" src=\"https::\/\/elreporterohgo.com\/noticias\/wp-content\/uploads\/2022\/04\/WhatsApp-Image-2022-04-06-at-12.51.03-PM-1024x682.jpeg\" alt=\"\" class=\"wp-image-47915\" srcset=\"https:\/\/elreporterohgo.com\/noticias\/wp-content\/uploads\/2022\/04\/WhatsApp-Image-2022-04-06-at-12.51.03-PM-1024x682.jpeg 1024w, https:\/\/elreporterohgo.com\/noticias\/wp-content\/uploads\/2022\/04\/WhatsApp-Image-2022-04-06-at-12.51.03-PM-300x200.jpeg 300w, https:\/\/elreporterohgo.com\/noticias\/wp-content\/uploads\/2022\/04\/WhatsApp-Image-2022-04-06-at-12.51.03-PM-768x512.jpeg 768w, https:\/\/elreporterohgo.com\/noticias\/wp-content\/uploads\/2022\/04\/WhatsApp-Image-2022-04-06-at-12.51.03-PM.jpeg 1280w\" sizes=\"(max-width: 1024px) 100vw, 1024px\" \/><\/figure>\n\n\n\n<figure class=\"wp-block-image\"><img decoding=\"async\" width=\"1024\" height=\"403\" src=\"https::\/\/elreporterohgo.com\/noticias\/wp-content\/uploads\/2022\/04\/0b84b18e-8b00-410a-a376-5bcca512668b-5-1024x403.jpg\" alt=\"\" class=\"wp-image-47916\" srcset=\"https:\/\/elreporterohgo.com\/noticias\/wp-content\/uploads\/2022\/04\/0b84b18e-8b00-410a-a376-5bcca512668b-5-1024x403.jpg 1024w, https:\/\/elreporterohgo.com\/noticias\/wp-content\/uploads\/2022\/04\/0b84b18e-8b00-410a-a376-5bcca512668b-5-300x118.jpg 300w, https:\/\/elreporterohgo.com\/noticias\/wp-content\/uploads\/2022\/04\/0b84b18e-8b00-410a-a376-5bcca512668b-5-768x302.jpg 768w, https:\/\/elreporterohgo.com\/noticias\/wp-content\/uploads\/2022\/04\/0b84b18e-8b00-410a-a376-5bcca512668b-5.jpg 1080w\" sizes=\"(max-width: 1024px) 100vw, 1024px\" \/><\/figure>\n","protected":false},"excerpt":{"rendered":"<p>Pachuca, Hidalgo.- \u201cLas mujeres y hombres que integran el sector empresarial son una prioridad para el progreso del estado\u201d, afirm\u00f3 Julio Menchaca Salazar, candidato com\u00fan de \u201cJuntos Hacemos Historia\u201d, quien se pronunci\u00f3 por que Hidalgo sea potencia. El abanderado de Morena, Partido del Trabajo y Partido Nueva Alianza Hidalgo sostuvo una reuni\u00f3n con empresarios que<\/p>\n","protected":false},"author":2,"featured_media":47914,"comment_status":"open","ping_status":"closed","sticky":false,"template":"","format":"standard","meta":{"footnotes":""},"categories":[10],"tags":[],"class_list":{"0":"post-47913","1":"post","2":"type-post","3":"status-publish","4":"format-standard","5":"has-post-thumbnail","7":"category-hidalgo"},"_links":{"self":[{"href":"https:\/\/elreporterohgo.com\/noticias\/wp-json\/wp\/v2\/posts\/47913","targetHints":{"allow":["GET"]}}],"collection":[{"href":"https:\/\/elreporterohgo.com\/noticias\/wp-json\/wp\/v2\/posts"}],"about":[{"href":"https:\/\/elreporterohgo.com\/noticias\/wp-json\/wp\/v2\/types\/post"}],"author":[{"embeddable":true,"href":"https:\/\/elreporterohgo.com\/noticias\/wp-json\/wp\/v2\/users\/2"}],"replies":[{"embeddable":true,"href":"https:\/\/elreporterohgo.com\/noticias\/wp-json\/wp\/v2\/comments?post=47913"}],"version-history":[{"count":1,"href":"https:\/\/elreporterohgo.com\/noticias\/wp-json\/wp\/v2\/posts\/47913\/revisions"}],"predecessor-version":[{"id":47917,"href":"https:\/\/elreporterohgo.com\/noticias\/wp-json\/wp\/v2\/posts\/47913\/revisions\/47917"}],"wp:featuredmedia":[{"embeddable":true,"href":"https:\/\/elreporterohgo.com\/noticias\/wp-json\/wp\/v2\/media\/47914"}],"wp:attachment":[{"href":"https:\/\/elreporterohgo.com\/noticias\/wp-json\/wp\/v2\/media?parent=47913"}],"wp:term":[{"taxonomy":"category","embeddable":true,"href":"https:\/\/elreporterohgo.com\/noticias\/wp-json\/wp\/v2\/categories?post=47913"},{"taxonomy":"post_tag","embeddable":true,"href":"https:\/\/elreporterohgo.com\/noticias\/wp-json\/wp\/v2\/tags?post=47913"}],"curies":[{"name":"wp","href":"https:\/\/api.w.org\/{rel}","templated":true}]}}