{"id":47864,"date":"2022-04-06T05:56:14","date_gmt":"2022-04-06T10:56:14","guid":{"rendered":"https:\/\/elreporterohgo.com\/noticias\/?p=47864"},"modified":"2022-04-06T05:56:15","modified_gmt":"2022-04-06T10:56:15","slug":"diputado-propone-cracion-del-instituto-de-estudios-de-las-finanzas-publicas-del-congreso-de-hidalgo","status":"publish","type":"post","link":"https:\/\/elreporterohgo.com\/noticias\/2022\/04\/06\/diputado-propone-cracion-del-instituto-de-estudios-de-las-finanzas-publicas-del-congreso-de-hidalgo\/","title":{"rendered":"Diputado propone craci\u00f3n del Instituto de Estudios de las finanzas P\u00fablicas del Congreso de Hidalgo"},"content":{"rendered":"\n<figure class=\"wp-block-image\"><img fetchpriority=\"high\" decoding=\"async\" width=\"759\" height=\"1024\" src=\"https::\/\/elreporterohgo.com\/noticias\/wp-content\/uploads\/2022\/04\/Sesi\u00f3n-07.03.2022-10-759x1024.jpg\" alt=\"\" class=\"wp-image-47865\" srcset=\"https:\/\/elreporterohgo.com\/noticias\/wp-content\/uploads\/2022\/04\/Sesi\u00f3n-07.03.2022-10-759x1024.jpg 759w, https:\/\/elreporterohgo.com\/noticias\/wp-content\/uploads\/2022\/04\/Sesi\u00f3n-07.03.2022-10-222x300.jpg 222w, https:\/\/elreporterohgo.com\/noticias\/wp-content\/uploads\/2022\/04\/Sesi\u00f3n-07.03.2022-10-768x1036.jpg 768w, https:\/\/elreporterohgo.com\/noticias\/wp-content\/uploads\/2022\/04\/Sesi\u00f3n-07.03.2022-10.jpg 873w\" sizes=\"(max-width: 759px) 100vw, 759px\" \/><\/figure>\n\n\n\n<p>PACHUCA, Hgo.- Con el prop\u00f3sito de brindar a las y los legisladores, as\u00ed como a las y los representantes de los municipios en general el apoyo que les permita encaminar sus trabajos dentro de la viabilidad financiera, el diputado Jorge Hern\u00e1ndez Araus present\u00f3 ante el pleno la iniciativa para crear el Instituto de Estudios de las Finanzas P\u00fablicas del Congreso del Estado de Hidalgo.<\/p>\n\n\n\n<p>Dicha propuesta prev\u00e9 la adici\u00f3n de diversas disposiciones a la Ley Org\u00e1nica del Poder Legislativo, de su reglamento y de la ley de Presupuesto y Contabilidad Gubernamental del estado de Hidalgo, a fin de abonar a los procesos de especializaci\u00f3n y establecer un \u00f3rgano de car\u00e1cter t\u00e9cnico administrativo que apoye en materia de finanzas p\u00fablicas.<\/p>\n\n\n\n<p>\u201cSi se garantiza un proceso de creaci\u00f3n de leyes que contemple no solo la viabilidad jur\u00eddica y constitucional, sino tambi\u00e9n la viabilidad presupuestal, financiera y procedimental, habremos de abonar a la construcci\u00f3n de un marco normativo que coadyuve en el desarrollo de la sociedad\u201d, explic\u00f3 Hern\u00e1ndez Araus.<\/p>\n\n\n\n<p>Asimismo, detall\u00f3 que el Instituto de Estudios de las Finanzas P\u00fablicas realizar\u00e1 las investigaciones legislativas, en materia de econom\u00eda y finanzas p\u00fablicas, que le sean solicitadas por el Pleno, la Diputaci\u00f3n Permanente, en su caso, los Grupos Legislativos y las Comisiones Permanentes o Especiales; establecer\u00e1 mecanismos de colaboraci\u00f3n y coordinaci\u00f3n con instituciones afines para el cumplimiento de sus objetivos; brindar\u00e1 apoyo en las consultas que les soliciten los miembros del Congreso del Estado, dependencias oficiales, acad\u00e9micas y particulares&nbsp; relacionadas con la legislaci\u00f3n; analizar\u00e1 las iniciativas de decreto relativas a las operaciones de financiamiento que constituyan deuda p\u00fablica y obligaciones, entre otras responsabilidades.<\/p>\n\n\n\n<p>Finalmente, el tambi\u00e9n coordinador de la bancada morenista y cabeza del Poder Legislativo durante este primer a\u00f1o, asegur\u00f3 que estar al frente de la Junta de Gobierno del Congreso es una alta responsabilidad y una encomienda que le compromete a dar resultados, por lo que continuar\u00e1 trabajando con ah\u00ednco dentro y fuera del recinto.<\/p>\n\n\n\n<p>Al proyecto se sumaron las y los diputados Elvia Sierra, Adelfa Z\u00fa\u00f1iga, Lisset Marcelino, Vanesa Escalante, Lorena Hern\u00e1ndez, Osiris Leines, To\u00f1o Hern\u00e1ndez, Octavio Maga\u00f1a, Edgar Hern\u00e1ndez y Andr\u00e9s Caballero.<br><\/p>\n","protected":false},"excerpt":{"rendered":"<p>PACHUCA, Hgo.- Con el prop\u00f3sito de brindar a las y los legisladores, as\u00ed como a las y los representantes de los municipios en general el apoyo que les permita encaminar sus trabajos dentro de la viabilidad financiera, el diputado Jorge Hern\u00e1ndez Araus present\u00f3 ante el pleno la iniciativa para crear el Instituto de Estudios de<\/p>\n","protected":false},"author":2,"featured_media":47865,"comment_status":"open","ping_status":"closed","sticky":false,"template":"","format":"standard","meta":{"footnotes":""},"categories":[10],"tags":[],"class_list":{"0":"post-47864","1":"post","2":"type-post","3":"status-publish","4":"format-standard","5":"has-post-thumbnail","7":"category-hidalgo"},"_links":{"self":[{"href":"https:\/\/elreporterohgo.com\/noticias\/wp-json\/wp\/v2\/posts\/47864","targetHints":{"allow":["GET"]}}],"collection":[{"href":"https:\/\/elreporterohgo.com\/noticias\/wp-json\/wp\/v2\/posts"}],"about":[{"href":"https:\/\/elreporterohgo.com\/noticias\/wp-json\/wp\/v2\/types\/post"}],"author":[{"embeddable":true,"href":"https:\/\/elreporterohgo.com\/noticias\/wp-json\/wp\/v2\/users\/2"}],"replies":[{"embeddable":true,"href":"https:\/\/elreporterohgo.com\/noticias\/wp-json\/wp\/v2\/comments?post=47864"}],"version-history":[{"count":1,"href":"https:\/\/elreporterohgo.com\/noticias\/wp-json\/wp\/v2\/posts\/47864\/revisions"}],"predecessor-version":[{"id":47866,"href":"https:\/\/elreporterohgo.com\/noticias\/wp-json\/wp\/v2\/posts\/47864\/revisions\/47866"}],"wp:featuredmedia":[{"embeddable":true,"href":"https:\/\/elreporterohgo.com\/noticias\/wp-json\/wp\/v2\/media\/47865"}],"wp:attachment":[{"href":"https:\/\/elreporterohgo.com\/noticias\/wp-json\/wp\/v2\/media?parent=47864"}],"wp:term":[{"taxonomy":"category","embeddable":true,"href":"https:\/\/elreporterohgo.com\/noticias\/wp-json\/wp\/v2\/categories?post=47864"},{"taxonomy":"post_tag","embeddable":true,"href":"https:\/\/elreporterohgo.com\/noticias\/wp-json\/wp\/v2\/tags?post=47864"}],"curies":[{"name":"wp","href":"https:\/\/api.w.org\/{rel}","templated":true}]}}