{"id":47861,"date":"2022-04-05T15:40:19","date_gmt":"2022-04-05T20:40:19","guid":{"rendered":"https:\/\/elreporterohgo.com\/noticias\/?p=47861"},"modified":"2022-04-05T15:40:20","modified_gmt":"2022-04-05T20:40:20","slug":"por-que-el-covid-largo-causa-dolor-duradero","status":"publish","type":"post","link":"https:\/\/elreporterohgo.com\/noticias\/2022\/04\/05\/por-que-el-covid-largo-causa-dolor-duradero\/","title":{"rendered":"\u00bfPor qu\u00e9 el COVID largo causa dolor duradero?"},"content":{"rendered":"\n<p>La infecci\u00f3n deja una estructura transmisora del dolor la cual permanece incluso tras la eliminaci\u00f3n del virus.<\/p>\n\n\n\n<p><strong>El COVID persistente<\/strong>&nbsp;<strong>puede causar varias formas de dolor a largo plazo<\/strong>, la explicaci\u00f3n, seg\u00fan un estudio, es que la infecci\u00f3n deja en una estructura transmisora del dolor una firma de expresi\u00f3n g\u00e9nica asociada con este y que permanece incluso despu\u00e9s de la eliminaci\u00f3n del virus.<\/p>\n\n\n\n<p><strong>Un estudio&nbsp;<\/strong>realizado con ratones, que se ha&nbsp;<strong>presentado en el congreso Experimental Biology celebrado en Filadelfia<\/strong>, Estados Unidos, agrega que esa firma de expresi\u00f3n g\u00e9nica coincide con los patrones observados en el dolor causado por otras enfermedades.<\/p>\n\n\n\n<p>\u201c<strong>Un n\u00famero significativo de personas que padecen COVID persistente experimentan anormalidades sensoriales<\/strong>, incluyendo varias formas de dolor\u201d, se\u00f1al\u00f3 Randal Serafini de la Escuela de Medicina Icahn en el hospital Mount Sinai de Nueva York.<\/p>\n\n\n\n<p>El equipo us\u00f3 la secuenciaci\u00f3n del ARN para obtener una instant\u00e1nea de\u00a0<strong>los cambios bioqu\u00edmicos que el SARS-CoV-2<\/strong>\u00a0desencadena en los ganglios de la ra\u00edz dorsal, que\u00a0<strong>es una estructura transmisora del dolor.<\/strong><\/p>\n\n\n\n<p>Este hallazgo, seg\u00fan Serafini podr\u00eda \u201cdar lugar a nuevas terapias para los pacientes con COVID-19 y COVID persistente, as\u00ed como otros tipos de dolor.<\/p>\n\n\n\n<p>El estudio tambi\u00e9n muestra -agreg\u00f3- que el SARS-CoV-2 causa efectos a largo plazo en el cuerpo \u201cde formas dr\u00e1sticamente nuevas, lo que subraya, a\u00fan m\u00e1s, por qu\u00e9 la gente debe tratar de evitar infectarse\u201d.<\/p>\n\n\n\n<p>Los experimentos incluyeron un modelo de h\u00e1mster de infecci\u00f3n intranasal por COVID-19, que refleja fielmente los s\u00edntomas experimentados por las personas.<\/p>\n\n\n\n<p><strong>Los investigadores observaron que los h\u00e1msters mostraban una ligera hipersensibilidad al tacto<\/strong>&nbsp;al principio de la infecci\u00f3n, que se agravaba con el tiempo, hasta los 30 d\u00edas.<\/p>\n\n\n\n<p>A continuaci\u00f3n, realizaron experimentos similares con la gripe A para determinar si otros virus de ARN promueven respuestas similares.<\/p>\n\n\n\n<p>En contraste con el SARS-CoV-2, la gripe A caus\u00f3&nbsp;<strong>una hipersensibilidad temprana que fue m\u00e1s severa<\/strong>, pero que desapareci\u00f3 a los cuatro d\u00edas posinfecci\u00f3n.<\/p>\n\n\n\n<p>El an\u00e1lisis de los patrones de expresi\u00f3n g\u00e9nica en los ganglios de la ra\u00edz dorsal revel\u00f3 que&nbsp;<strong>el coronavirus caus\u00f3 un cambio m\u00e1s prominente<\/strong>&nbsp;en los niveles de expresi\u00f3n de los genes implicados en los procesos de se\u00f1alizaci\u00f3n espec\u00edficos de las neuronas en comparaci\u00f3n con la gripe.<\/p>\n\n\n\n<p>Otros experimentos demostraron que, cuatro semanas despu\u00e9s de recuperarse de la infecci\u00f3n v\u00edrica, los h\u00e1msters infectados por la gripe no presentaban signos de hipersensibilidad a largo plazo, mientras los de SARS-Cov-2 mostraban una hipersensibilidad agravada, que reflejaba un dolor cr\u00f3nico.<\/p>\n\n\n\n<p>Los h\u00e1msters que se hab\u00edan recuperado de COVID-19 presentaban&nbsp;<strong>firmas de expresi\u00f3n g\u00e9nica similares a las observadas en los ganglios de la ra\u00edz dorsal&nbsp;<\/strong>de ratones afectados por el dolor inducido por la inflamaci\u00f3n o la lesi\u00f3n nerviosa.<\/p>\n\n\n\n<p>Para profundizar en la maquinaria molecular asociada a la alteraci\u00f3n de la sensibilidad en los h\u00e1msters infectados por SARS-CoV-2,&nbsp;<strong>los investigadores aplicaron an\u00e1lisis bioinform\u00e1ticos a los datos de expresi\u00f3n g\u00e9nica que hab\u00edan obtenido.<\/strong><\/p>\n\n\n\n<p>El an\u00e1lisis predijo que&nbsp;<strong>el SARS-CoV-2 regula a la baja la actividad de varios reguladores del dolor<\/strong>&nbsp;previamente identificados y de una prote\u00edna denominada factor de uni\u00f3n al potenciador de la interleucina 3 (ILF3).<\/p>\n\n\n\n<p>Esta regulaci\u00f3n a&nbsp;<strong>la baja se produce en momentos en los que los comportamientos de dolor en los h\u00e1msters infectados por el SARS-CoV-2 eran muy leves<\/strong>, a pesar de la fuerte inflamaci\u00f3n sist\u00e9mica. En cambio, la hipersensibilidad inducida por la gripe A era grave en esos momentos.<\/p>\n\n\n\n<p>La<strong>&nbsp;ILF3 a\u00fan no se ha estudiado en el contexto del dolor<\/strong>, pero es un potente regulador del c\u00e1ncer, se\u00f1alan los investigadores, que plantearon la hip\u00f3tesis de que imitar los efectos agudos de la ILF3 podr\u00eda servir como una nueva estrategia de tratamiento del dolor.<\/p>\n\n\n\n<p>Para comprobar esta predicci\u00f3n,&nbsp;<strong>administraron un f\u00e1rmaco anticanceroso cl\u00ednicamente probado que inhibe la actividad de la ILF3<\/strong>&nbsp;y comprobaron que, efectivamente, era \u201cmuy eficaz\u201d para tratar el dolor en un modelo de rat\u00f3n de inflamaci\u00f3n localizada\u201d<\/p>\n\n\n\n<p>\u201cCreemos que los candidatos terap\u00e9uticos derivados de nuestros datos de expresi\u00f3n g\u00e9nica, como los inhibidores de ILF3, podr\u00edan dirigirse a los mecanismos del dolor que son espec\u00edficos de los pacientes tanto con covid-19 como persistente\u201d, dijo Serafini.<\/p>\n\n\n\n<figure class=\"wp-block-image\"><img fetchpriority=\"high\" decoding=\"async\" width=\"1024\" height=\"1024\" src=\"https::\/\/elreporterohgo.com\/noticias\/wp-content\/uploads\/2022\/04\/atencion-domiciliaria-covid-1024x1024.jpg\" alt=\"\" class=\"wp-image-47862\" srcset=\"https:\/\/elreporterohgo.com\/noticias\/wp-content\/uploads\/2022\/04\/atencion-domiciliaria-covid-1024x1024.jpg 1024w, https:\/\/elreporterohgo.com\/noticias\/wp-content\/uploads\/2022\/04\/atencion-domiciliaria-covid-150x150.jpg 150w, https:\/\/elreporterohgo.com\/noticias\/wp-content\/uploads\/2022\/04\/atencion-domiciliaria-covid-300x300.jpg 300w, https:\/\/elreporterohgo.com\/noticias\/wp-content\/uploads\/2022\/04\/atencion-domiciliaria-covid-768x768.jpg 768w, https:\/\/elreporterohgo.com\/noticias\/wp-content\/uploads\/2022\/04\/atencion-domiciliaria-covid-160x160.jpg 160w, https:\/\/elreporterohgo.com\/noticias\/wp-content\/uploads\/2022\/04\/atencion-domiciliaria-covid.jpg 1218w\" sizes=\"(max-width: 1024px) 100vw, 1024px\" \/><\/figure>\n","protected":false},"excerpt":{"rendered":"<p>La infecci\u00f3n deja una estructura transmisora del dolor la cual permanece incluso tras la eliminaci\u00f3n del virus. El COVID persistente&nbsp;puede causar varias formas de dolor a largo plazo, la explicaci\u00f3n, seg\u00fan un estudio, es que la infecci\u00f3n deja en una estructura transmisora del dolor una firma de expresi\u00f3n g\u00e9nica asociada con este y que permanece<\/p>\n","protected":false},"author":2,"featured_media":47862,"comment_status":"open","ping_status":"closed","sticky":false,"template":"","format":"standard","meta":{"footnotes":""},"categories":[10],"tags":[],"class_list":{"0":"post-47861","1":"post","2":"type-post","3":"status-publish","4":"format-standard","5":"has-post-thumbnail","7":"category-hidalgo"},"_links":{"self":[{"href":"https:\/\/elreporterohgo.com\/noticias\/wp-json\/wp\/v2\/posts\/47861","targetHints":{"allow":["GET"]}}],"collection":[{"href":"https:\/\/elreporterohgo.com\/noticias\/wp-json\/wp\/v2\/posts"}],"about":[{"href":"https:\/\/elreporterohgo.com\/noticias\/wp-json\/wp\/v2\/types\/post"}],"author":[{"embeddable":true,"href":"https:\/\/elreporterohgo.com\/noticias\/wp-json\/wp\/v2\/users\/2"}],"replies":[{"embeddable":true,"href":"https:\/\/elreporterohgo.com\/noticias\/wp-json\/wp\/v2\/comments?post=47861"}],"version-history":[{"count":1,"href":"https:\/\/elreporterohgo.com\/noticias\/wp-json\/wp\/v2\/posts\/47861\/revisions"}],"predecessor-version":[{"id":47863,"href":"https:\/\/elreporterohgo.com\/noticias\/wp-json\/wp\/v2\/posts\/47861\/revisions\/47863"}],"wp:featuredmedia":[{"embeddable":true,"href":"https:\/\/elreporterohgo.com\/noticias\/wp-json\/wp\/v2\/media\/47862"}],"wp:attachment":[{"href":"https:\/\/elreporterohgo.com\/noticias\/wp-json\/wp\/v2\/media?parent=47861"}],"wp:term":[{"taxonomy":"category","embeddable":true,"href":"https:\/\/elreporterohgo.com\/noticias\/wp-json\/wp\/v2\/categories?post=47861"},{"taxonomy":"post_tag","embeddable":true,"href":"https:\/\/elreporterohgo.com\/noticias\/wp-json\/wp\/v2\/tags?post=47861"}],"curies":[{"name":"wp","href":"https:\/\/api.w.org\/{rel}","templated":true}]}}