{"id":47850,"date":"2022-04-05T14:14:04","date_gmt":"2022-04-05T19:14:04","guid":{"rendered":"https:\/\/elreporterohgo.com\/noticias\/?p=47850"},"modified":"2022-04-05T14:14:06","modified_gmt":"2022-04-05T19:14:06","slug":"acribillaron-a-elementos-de-la-guardia-nacional","status":"publish","type":"post","link":"https:\/\/elreporterohgo.com\/noticias\/2022\/04\/05\/acribillaron-a-elementos-de-la-guardia-nacional\/","title":{"rendered":"Acribillaron a elementos de la Guardia Nacional"},"content":{"rendered":"\n<figure class=\"wp-block-image\"><img fetchpriority=\"high\" decoding=\"async\" width=\"1024\" height=\"458\" src=\"https::\/\/elreporterohgo.com\/noticias\/wp-content\/uploads\/2022\/04\/0de3dd82-7250-4b3e-a706-2f2516aa15a8-1024x458.jpg\" alt=\"\" class=\"wp-image-47851\" srcset=\"https:\/\/elreporterohgo.com\/noticias\/wp-content\/uploads\/2022\/04\/0de3dd82-7250-4b3e-a706-2f2516aa15a8.jpg 1024w, https:\/\/elreporterohgo.com\/noticias\/wp-content\/uploads\/2022\/04\/0de3dd82-7250-4b3e-a706-2f2516aa15a8-300x134.jpg 300w, https:\/\/elreporterohgo.com\/noticias\/wp-content\/uploads\/2022\/04\/0de3dd82-7250-4b3e-a706-2f2516aa15a8-768x344.jpg 768w\" sizes=\"(max-width: 1024px) 100vw, 1024px\" \/><\/figure>\n\n\n\n<figure class=\"wp-block-image\"><img decoding=\"async\" width=\"1024\" height=\"458\" src=\"https::\/\/elreporterohgo.com\/noticias\/wp-content\/uploads\/2022\/04\/0a584230-3424-4b5d-b449-249a0cb5be6f-1024x458.jpg\" alt=\"\" class=\"wp-image-47852\" srcset=\"https:\/\/elreporterohgo.com\/noticias\/wp-content\/uploads\/2022\/04\/0a584230-3424-4b5d-b449-249a0cb5be6f.jpg 1024w, https:\/\/elreporterohgo.com\/noticias\/wp-content\/uploads\/2022\/04\/0a584230-3424-4b5d-b449-249a0cb5be6f-300x134.jpg 300w, https:\/\/elreporterohgo.com\/noticias\/wp-content\/uploads\/2022\/04\/0a584230-3424-4b5d-b449-249a0cb5be6f-768x344.jpg 768w\" sizes=\"(max-width: 1024px) 100vw, 1024px\" \/><\/figure>\n\n\n\n<figure class=\"wp-block-image\"><img decoding=\"async\" width=\"1024\" height=\"458\" src=\"https::\/\/elreporterohgo.com\/noticias\/wp-content\/uploads\/2022\/04\/b111d8b8-796e-4285-bb5d-ec98bf481832-1024x458.jpg\" alt=\"\" class=\"wp-image-47853\" srcset=\"https:\/\/elreporterohgo.com\/noticias\/wp-content\/uploads\/2022\/04\/b111d8b8-796e-4285-bb5d-ec98bf481832.jpg 1024w, https:\/\/elreporterohgo.com\/noticias\/wp-content\/uploads\/2022\/04\/b111d8b8-796e-4285-bb5d-ec98bf481832-300x134.jpg 300w, https:\/\/elreporterohgo.com\/noticias\/wp-content\/uploads\/2022\/04\/b111d8b8-796e-4285-bb5d-ec98bf481832-768x344.jpg 768w\" sizes=\"(max-width: 1024px) 100vw, 1024px\" \/><\/figure>\n\n\n\n<p>Cuidaban las carreteras de San Luis Potos\u00ed<\/p>\n\n\n\n<p>Por Gerardo Sol<\/p>\n\n\n\n<p>SAN LUIS POTOS\u00cd.- Un comando armado atac\u00f3 a balazos a\nelementos de la Guardia Nacional, la madrugada de hoy, uno muri\u00f3 y otro est\u00e1\nherido.<\/p>\n\n\n\n<p>Informaci\u00f3n preliminar establece que la Coordinaci\u00f3n de\nBatall\u00f3n de Seguridad en Carreteras e Instalaciones San Luis Potos\u00ed a diario\ncumple su cometido de brindar seguridad.<\/p>\n\n\n\n<p>As\u00ed fue como ocurri\u00f3 la agresi\u00f3n por disparos armas de fuego\na dos patrullas de la Guardia Nacional en el kil\u00f3metro 176+950 de la carretera Quer\u00e9taro\n&#8211; San Luis Potos\u00ed, a la altura del municipio de Zaragoza, estado de San Luis\nPotos\u00ed.<\/p>\n\n\n\n<p>Se inform\u00f3 que durante los recorridos de Inspecci\u00f3n,\nSeguridad y Vigilancia correspondiente al Tercer Turno, sobre la lateral de la\ncarretera de la 57 tuvieron contacto con 03 veh\u00edculos siendo un &nbsp;Lincoln color gris, Pick up color negra,\nTorren color negra.<\/p>\n\n\n\n<p>De los referidos veh\u00edculos bajaron varios sujetos y sin cruzar\npalabra atacaron a balazos y matando en el lugar a un suboficial de la Guardia\nNacional, otro qued\u00f3 malherido.<\/p>\n\n\n\n<p>Una de las patrullas presenta 23 impactos de bala. Los asesinos\nhuyeron.<\/p>\n","protected":false},"excerpt":{"rendered":"<p>Cuidaban las carreteras de San Luis Potos\u00ed Por Gerardo Sol SAN LUIS POTOS\u00cd.- Un comando armado atac\u00f3 a balazos a elementos de la Guardia Nacional, la madrugada de hoy, uno muri\u00f3 y otro est\u00e1 herido. Informaci\u00f3n preliminar establece que la Coordinaci\u00f3n de Batall\u00f3n de Seguridad en Carreteras e Instalaciones San Luis Potos\u00ed a diario cumple<\/p>\n","protected":false},"author":2,"featured_media":47851,"comment_status":"open","ping_status":"closed","sticky":false,"template":"","format":"standard","meta":{"footnotes":""},"categories":[10],"tags":[],"class_list":{"0":"post-47850","1":"post","2":"type-post","3":"status-publish","4":"format-standard","5":"has-post-thumbnail","7":"category-hidalgo"},"_links":{"self":[{"href":"https:\/\/elreporterohgo.com\/noticias\/wp-json\/wp\/v2\/posts\/47850","targetHints":{"allow":["GET"]}}],"collection":[{"href":"https:\/\/elreporterohgo.com\/noticias\/wp-json\/wp\/v2\/posts"}],"about":[{"href":"https:\/\/elreporterohgo.com\/noticias\/wp-json\/wp\/v2\/types\/post"}],"author":[{"embeddable":true,"href":"https:\/\/elreporterohgo.com\/noticias\/wp-json\/wp\/v2\/users\/2"}],"replies":[{"embeddable":true,"href":"https:\/\/elreporterohgo.com\/noticias\/wp-json\/wp\/v2\/comments?post=47850"}],"version-history":[{"count":1,"href":"https:\/\/elreporterohgo.com\/noticias\/wp-json\/wp\/v2\/posts\/47850\/revisions"}],"predecessor-version":[{"id":47854,"href":"https:\/\/elreporterohgo.com\/noticias\/wp-json\/wp\/v2\/posts\/47850\/revisions\/47854"}],"wp:featuredmedia":[{"embeddable":true,"href":"https:\/\/elreporterohgo.com\/noticias\/wp-json\/wp\/v2\/media\/47851"}],"wp:attachment":[{"href":"https:\/\/elreporterohgo.com\/noticias\/wp-json\/wp\/v2\/media?parent=47850"}],"wp:term":[{"taxonomy":"category","embeddable":true,"href":"https:\/\/elreporterohgo.com\/noticias\/wp-json\/wp\/v2\/categories?post=47850"},{"taxonomy":"post_tag","embeddable":true,"href":"https:\/\/elreporterohgo.com\/noticias\/wp-json\/wp\/v2\/tags?post=47850"}],"curies":[{"name":"wp","href":"https:\/\/api.w.org\/{rel}","templated":true}]}}