{"id":47847,"date":"2022-04-05T14:05:31","date_gmt":"2022-04-05T19:05:31","guid":{"rendered":"https:\/\/elreporterohgo.com\/noticias\/?p=47847"},"modified":"2022-04-05T14:05:32","modified_gmt":"2022-04-05T19:05:32","slug":"felix-n-pasara-tras-las-rejas-12-anos-por-abuso-sexual-y-violacion-equiparada","status":"publish","type":"post","link":"https:\/\/elreporterohgo.com\/noticias\/2022\/04\/05\/felix-n-pasara-tras-las-rejas-12-anos-por-abuso-sexual-y-violacion-equiparada\/","title":{"rendered":"F\u00e9lix \u00abN\u00bb pasar\u00e1 tras las rejas 12 a\u00f1os por abuso sexual y violaci\u00f3n equiparada"},"content":{"rendered":"\n<div class=\"wp-block-image\"><figure class=\"alignleft is-resized\"><img fetchpriority=\"high\" decoding=\"async\" src=\"https::\/\/elreporterohgo.com\/noticias\/wp-content\/uploads\/2022\/04\/themis-2.jpg\" alt=\"\" class=\"wp-image-47848\" width=\"332\" height=\"187\" srcset=\"https:\/\/elreporterohgo.com\/noticias\/wp-content\/uploads\/2022\/04\/themis-2.jpg 852w, https:\/\/elreporterohgo.com\/noticias\/wp-content\/uploads\/2022\/04\/themis-2-300x169.jpg 300w, https:\/\/elreporterohgo.com\/noticias\/wp-content\/uploads\/2022\/04\/themis-2-768x433.jpg 768w\" sizes=\"(max-width: 332px) 100vw, 332px\" \/><\/figure><\/div>\n\n\n\n<p>Un agente del Ministerio P\u00fablico adscrito a la Subprocuradur\u00eda de delitos de g\u00e9nero, desaparici\u00f3n de personas e impacto social, consigui\u00f3 que un juez de control dictara sentencia condenatoria de doce a\u00f1os de prisi\u00f3n contra una persona por abuso sexual y violaci\u00f3n equiparada.<\/p>\n\n\n\n<p>Los hechos por los cuales\nuna persona identificada como F\u00e9lix \u201cN\u201d enfrent\u00f3 un proceso penal ocurrieron en\nTizayuca, cuando una mujer sufri\u00f3 agresiones sexuales por parte del hoy\nsentenciado.<\/p>\n\n\n\n<p>Ante la denuncia de la\nv\u00edctima, la Procuradur\u00eda General de Justicia del Estado de Hidalgo (PGJEH),\ninici\u00f3 la carpeta de investigaci\u00f3n correspondiente y de manera paralela brind\u00f3\natenci\u00f3n integral a la agraviada mediante un equipo de personas especialistas.<\/p>\n\n\n\n<p>Los resultados de las\ninvestigaciones dirigidas por representantes del Ministerio P\u00fablico, se\nexpusieron ante un juez de control, y con los datos de prueba se solicit\u00f3 la\nvinculaci\u00f3n a proceso contra F\u00e9lix \u201cN\u201d, la cual fue otorgada por parte de la\nautoridad judicial.<\/p>\n\n\n\n<p>Sin embargo, el imputado\nrenunci\u00f3 a su derecho de ser juzgado mediante juicio oral y opt\u00f3 por un\nprocedimiento abreviado.<\/p>\n\n\n\n<p>El Ministerio P\u00fablico\nsolicit\u00f3 la terminaci\u00f3n anticipada del proceso a trav\u00e9s del procedimiento\nabreviado, por lo que el juez solicit\u00f3 la reparaci\u00f3n del da\u00f1o y dict\u00f3 sentencia\ncondenatoria de 12 a\u00f1os de prisi\u00f3n para F\u00e9lix \u201cN\u201d, adem\u00e1s fij\u00f3 una multa\necon\u00f3mica.<\/p>\n","protected":false},"excerpt":{"rendered":"<p>Un agente del Ministerio P\u00fablico adscrito a la Subprocuradur\u00eda de delitos de g\u00e9nero, desaparici\u00f3n de personas e impacto social, consigui\u00f3 que un juez de control dictara sentencia condenatoria de doce a\u00f1os de prisi\u00f3n contra una persona por abuso sexual y violaci\u00f3n equiparada. Los hechos por los cuales una persona identificada como F\u00e9lix \u201cN\u201d enfrent\u00f3 un<\/p>\n","protected":false},"author":2,"featured_media":47848,"comment_status":"open","ping_status":"closed","sticky":false,"template":"","format":"standard","meta":{"footnotes":""},"categories":[10],"tags":[],"class_list":{"0":"post-47847","1":"post","2":"type-post","3":"status-publish","4":"format-standard","5":"has-post-thumbnail","7":"category-hidalgo"},"_links":{"self":[{"href":"https:\/\/elreporterohgo.com\/noticias\/wp-json\/wp\/v2\/posts\/47847","targetHints":{"allow":["GET"]}}],"collection":[{"href":"https:\/\/elreporterohgo.com\/noticias\/wp-json\/wp\/v2\/posts"}],"about":[{"href":"https:\/\/elreporterohgo.com\/noticias\/wp-json\/wp\/v2\/types\/post"}],"author":[{"embeddable":true,"href":"https:\/\/elreporterohgo.com\/noticias\/wp-json\/wp\/v2\/users\/2"}],"replies":[{"embeddable":true,"href":"https:\/\/elreporterohgo.com\/noticias\/wp-json\/wp\/v2\/comments?post=47847"}],"version-history":[{"count":1,"href":"https:\/\/elreporterohgo.com\/noticias\/wp-json\/wp\/v2\/posts\/47847\/revisions"}],"predecessor-version":[{"id":47849,"href":"https:\/\/elreporterohgo.com\/noticias\/wp-json\/wp\/v2\/posts\/47847\/revisions\/47849"}],"wp:featuredmedia":[{"embeddable":true,"href":"https:\/\/elreporterohgo.com\/noticias\/wp-json\/wp\/v2\/media\/47848"}],"wp:attachment":[{"href":"https:\/\/elreporterohgo.com\/noticias\/wp-json\/wp\/v2\/media?parent=47847"}],"wp:term":[{"taxonomy":"category","embeddable":true,"href":"https:\/\/elreporterohgo.com\/noticias\/wp-json\/wp\/v2\/categories?post=47847"},{"taxonomy":"post_tag","embeddable":true,"href":"https:\/\/elreporterohgo.com\/noticias\/wp-json\/wp\/v2\/tags?post=47847"}],"curies":[{"name":"wp","href":"https:\/\/api.w.org\/{rel}","templated":true}]}}