{"id":47838,"date":"2022-04-05T11:32:41","date_gmt":"2022-04-05T16:32:41","guid":{"rendered":"https:\/\/elreporterohgo.com\/noticias\/?p=47838"},"modified":"2022-04-05T11:34:16","modified_gmt":"2022-04-05T16:34:16","slug":"omar-fayad-recorrio-area-de-ensamble-del-tren-maya-en-alstom","status":"publish","type":"post","link":"https:\/\/elreporterohgo.com\/noticias\/2022\/04\/05\/omar-fayad-recorrio-area-de-ensamble-del-tren-maya-en-alstom\/","title":{"rendered":"Omar Fayad recorri\u00f3 \u00e1rea      de ensamble del Tren Maya en Alstom"},"content":{"rendered":"\n<figure class=\"wp-block-image\"><img fetchpriority=\"high\" decoding=\"async\" width=\"1024\" height=\"682\" src=\"https::\/\/elreporterohgo.com\/noticias\/wp-content\/uploads\/2022\/04\/unnamed-2022-04-05T112652.831-1024x682.jpg\" alt=\"\" class=\"wp-image-47839\" srcset=\"https:\/\/elreporterohgo.com\/noticias\/wp-content\/uploads\/2022\/04\/unnamed-2022-04-05T112652.831-1024x682.jpg 1024w, https:\/\/elreporterohgo.com\/noticias\/wp-content\/uploads\/2022\/04\/unnamed-2022-04-05T112652.831-300x200.jpg 300w, https:\/\/elreporterohgo.com\/noticias\/wp-content\/uploads\/2022\/04\/unnamed-2022-04-05T112652.831-768x512.jpg 768w, https:\/\/elreporterohgo.com\/noticias\/wp-content\/uploads\/2022\/04\/unnamed-2022-04-05T112652.831.jpg 1280w\" sizes=\"(max-width: 1024px) 100vw, 1024px\" \/><\/figure>\n\n\n\n<p><strong>TARJETA\nINFORMATIVA<\/strong><\/p>\n\n\n\n<ul class=\"wp-block-list\"><li>Tepeapulco, Hgo.-      El gobernador sostuvo una reuni\u00f3n con el ministro de Transporte del      Gobierno de Francia, el embajador de Francia en M\u00e9xico, la consejera diplom\u00e1tica      del ministro de Transporte; as\u00ed como la directora general de Alstom      M\u00e9xico. <\/li><li>Previo      al encuentro, el mandatario hidalguense, los diplom\u00e1ticos franceses y representantes      de Alstom recorrieron diferentes \u00e1reas de la empresa, entre ellas el \u00e1rea      de ensamble del Tren Maya.<\/li><li>Desde      las instalaciones de Alstom M\u00e9xico en Ciudad Sahag\u00fan, se detall\u00f3 que      Hidalgo se mantiene como uno de los principales nodos industriales del      pa\u00eds y como el nuevo polo de desarrollo econ\u00f3mico de M\u00e9xico. <\/li><li>Con      esta visita se estrechan los lazos entre Hidalgo y Francia a trav\u00e9s del      intercambio de conocimiento y tecnolog\u00eda; y mejores pr\u00e1cticas en materia      de transporte y movilidad sustentable. <\/li><li><\/li><\/ul>\n\n\n\n<figure class=\"wp-block-image\"><img decoding=\"async\" width=\"1024\" height=\"682\" src=\"https::\/\/elreporterohgo.com\/noticias\/wp-content\/uploads\/2022\/04\/unnamed-2022-04-05T112657.685-1024x682.jpg\" alt=\"\" class=\"wp-image-47841\" srcset=\"https:\/\/elreporterohgo.com\/noticias\/wp-content\/uploads\/2022\/04\/unnamed-2022-04-05T112657.685-1024x682.jpg 1024w, https:\/\/elreporterohgo.com\/noticias\/wp-content\/uploads\/2022\/04\/unnamed-2022-04-05T112657.685-300x200.jpg 300w, https:\/\/elreporterohgo.com\/noticias\/wp-content\/uploads\/2022\/04\/unnamed-2022-04-05T112657.685-768x512.jpg 768w, https:\/\/elreporterohgo.com\/noticias\/wp-content\/uploads\/2022\/04\/unnamed-2022-04-05T112657.685.jpg 1280w\" sizes=\"(max-width: 1024px) 100vw, 1024px\" \/><\/figure>\n","protected":false},"excerpt":{"rendered":"<p>TARJETA INFORMATIVA Tepeapulco, Hgo.- El gobernador sostuvo una reuni\u00f3n con el ministro de Transporte del Gobierno de Francia, el embajador de Francia en M\u00e9xico, la consejera diplom\u00e1tica del ministro de Transporte; as\u00ed como la directora general de Alstom M\u00e9xico. Previo al encuentro, el mandatario hidalguense, los diplom\u00e1ticos franceses y representantes de Alstom recorrieron diferentes \u00e1reas<\/p>\n","protected":false},"author":2,"featured_media":47839,"comment_status":"open","ping_status":"closed","sticky":false,"template":"","format":"standard","meta":{"footnotes":""},"categories":[10],"tags":[],"class_list":{"0":"post-47838","1":"post","2":"type-post","3":"status-publish","4":"format-standard","5":"has-post-thumbnail","7":"category-hidalgo"},"_links":{"self":[{"href":"https:\/\/elreporterohgo.com\/noticias\/wp-json\/wp\/v2\/posts\/47838","targetHints":{"allow":["GET"]}}],"collection":[{"href":"https:\/\/elreporterohgo.com\/noticias\/wp-json\/wp\/v2\/posts"}],"about":[{"href":"https:\/\/elreporterohgo.com\/noticias\/wp-json\/wp\/v2\/types\/post"}],"author":[{"embeddable":true,"href":"https:\/\/elreporterohgo.com\/noticias\/wp-json\/wp\/v2\/users\/2"}],"replies":[{"embeddable":true,"href":"https:\/\/elreporterohgo.com\/noticias\/wp-json\/wp\/v2\/comments?post=47838"}],"version-history":[{"count":2,"href":"https:\/\/elreporterohgo.com\/noticias\/wp-json\/wp\/v2\/posts\/47838\/revisions"}],"predecessor-version":[{"id":47842,"href":"https:\/\/elreporterohgo.com\/noticias\/wp-json\/wp\/v2\/posts\/47838\/revisions\/47842"}],"wp:featuredmedia":[{"embeddable":true,"href":"https:\/\/elreporterohgo.com\/noticias\/wp-json\/wp\/v2\/media\/47839"}],"wp:attachment":[{"href":"https:\/\/elreporterohgo.com\/noticias\/wp-json\/wp\/v2\/media?parent=47838"}],"wp:term":[{"taxonomy":"category","embeddable":true,"href":"https:\/\/elreporterohgo.com\/noticias\/wp-json\/wp\/v2\/categories?post=47838"},{"taxonomy":"post_tag","embeddable":true,"href":"https:\/\/elreporterohgo.com\/noticias\/wp-json\/wp\/v2\/tags?post=47838"}],"curies":[{"name":"wp","href":"https:\/\/api.w.org\/{rel}","templated":true}]}}