{"id":47818,"date":"2022-04-04T23:04:54","date_gmt":"2022-04-05T04:04:54","guid":{"rendered":"https:\/\/elreporterohgo.com\/noticias\/?p=47818"},"modified":"2022-04-04T23:04:56","modified_gmt":"2022-04-05T04:04:56","slug":"cuando-si-y-cuando-no-usar-cubrebocas","status":"publish","type":"post","link":"https:\/\/elreporterohgo.com\/noticias\/2022\/04\/04\/cuando-si-y-cuando-no-usar-cubrebocas\/","title":{"rendered":"\u00bfCu\u00e1ndo s\u00ed y cu\u00e1ndo no usar cubrebocas?"},"content":{"rendered":"\n<p>Algunas aplicaciones podr\u00edan apoyarte a saber en qu\u00e9 momento es necesario continuar con el uso de cubrebocas en espacios abiertos y cerrados seg\u00fan su aforo.<\/p>\n\n\n\n<p>El viernes pasado, el Gobierno de la Ciudad de M\u00e9xico, encabezado por Claudia Sheinbaum,&nbsp;<strong>elimin\u00f3 el uso obligatorio de cubrebocas en espacios abiertos.<\/strong>&nbsp;Sin embargo, en espacios cerrados las reglas son distintas.<\/p>\n\n\n\n<p>\u00bfC\u00f3mo puedes saber&nbsp;<strong>d\u00f3nde s\u00ed usar<\/strong>&nbsp;<strong>cubrebocas&nbsp;<\/strong>y d\u00f3nde no? Algunas aplicaciones para smartphone han desarrollado actualizaciones que permiten conocer la cantidad de gente que puede haber en alg\u00fan lugar, esto&nbsp;<strong>con la finalidad de que los usuarios sepan d\u00f3nde acudir con cubrebocas y d\u00f3nde no<\/strong>.<\/p>\n\n\n\n<p>Cabe se\u00f1alar que la medida decretada en la Ciudad de M\u00e9xico implica que el\u00a0<strong>uso de cubrebocas<\/strong>\u00a0no es obligatorio en sitios abiertos\u00a0<strong>sin aglomeraciones<\/strong>\u00a0y en los que se pueda guardar la sana distancia, es decir, al menos metro y medio de separaci\u00f3n entre personas.<\/p>\n\n\n\n<p> Por otra parte, es importante se\u00f1alar que<strong>\u00a0el uso de cubrebocas sigue siendo recomendado en lugares que, aunque sean abiertos, pueden presentar aglomeraciones<\/strong>, como los conciertos. Incluso algunos predios que sean abiertos pueden establecer uso de cubrebocas obligatorio. <\/p>\n\n\n\n<p>A continuaci\u00f3n te compartimos un par de <strong>aplicaciones que podr\u00edan ayudarte a determinar la cantidad de gente que puede estar en alg\u00fan sitio<\/strong>\u00a0y con base en ello, cumplir las recomendaciones del gobierno capitalino, y protegerte del coronavirus.<\/p>\n\n\n\n<h2 class=\"wp-block-heading\">Google Maps<\/h2>\n\n\n\n<p>El servidor de mapas de&nbsp;<a href=\"https:s:\/\/www.elfinanciero.com.mx\/tech\/google-lanza-herramienta-que-mapea-en-tiempo-real-los-casos-de-covid-19-en-tu-camino\/\" target=\"_blank\" rel=\"noreferrer noopener\">Google&nbsp;<\/a>ofrece informaci\u00f3n&nbsp;<strong>acerca del flujo de personas en un lugar seg\u00fan horarios y aproximados por d\u00edas de la semana<\/strong>. Esto te permitir\u00e1 determinar si es necesario o no llevar tu&nbsp;<strong>cubrebocas&nbsp;<\/strong>ante la posibilidad de que el aforo no te permita mantener sana distancia.<\/p>\n\n\n\n<h2 class=\"wp-block-heading\">HeadCounter<\/h2>\n\n\n\n<p>Esta aplicaci\u00f3n permite a los organizadores de eventos&nbsp;<strong>tener un conteo claro de las personas que hay en un lugar<\/strong>, con la finalidad de determinar su aforo y si es posible cuidar la sana distancia.<a href=\"https:s:\/\/www.elfinanciero.com.mx\/cdmx\/2022\/04\/01\/adios-al-cubrebocas-en-cdmx-estas-son-las-recomendaciones-para-espacios-abiertos-u-cerrados\/\"><\/a><\/p>\n\n\n\n<p>La app puede ser consultada por cualquier persona.<\/p>\n\n\n\n<p>Es utilizada principalmente por tiendas en plazas comerciales, as\u00ed como para espacios abiertos al aire libre pero que podr\u00edan saturarse, como ser terrazas o salones. Su mecanismo es sencillo,\u00a0<strong>se suma y resta el aforo con las personas que entran y salen del lugar<\/strong>.<\/p>\n\n\n\n<figure class=\"wp-block-image\"><img fetchpriority=\"high\" decoding=\"async\" width=\"575\" height=\"1024\" src=\"https::\/\/elreporterohgo.com\/noticias\/wp-content\/uploads\/2022\/04\/WhatsApp-Image-2022-02-04-at-9.56.01-PM-4-575x1024.jpeg\" alt=\"\" class=\"wp-image-47819\" srcset=\"https:\/\/elreporterohgo.com\/noticias\/wp-content\/uploads\/2022\/04\/WhatsApp-Image-2022-02-04-at-9.56.01-PM-4-575x1024.jpeg 575w, https:\/\/elreporterohgo.com\/noticias\/wp-content\/uploads\/2022\/04\/WhatsApp-Image-2022-02-04-at-9.56.01-PM-4-169x300.jpeg 169w, https:\/\/elreporterohgo.com\/noticias\/wp-content\/uploads\/2022\/04\/WhatsApp-Image-2022-02-04-at-9.56.01-PM-4.jpeg 719w\" sizes=\"(max-width: 575px) 100vw, 575px\" \/><\/figure>\n","protected":false},"excerpt":{"rendered":"<p>Algunas aplicaciones podr\u00edan apoyarte a saber en qu\u00e9 momento es necesario continuar con el uso de cubrebocas en espacios abiertos y cerrados seg\u00fan su aforo. El viernes pasado, el Gobierno de la Ciudad de M\u00e9xico, encabezado por Claudia Sheinbaum,&nbsp;elimin\u00f3 el uso obligatorio de cubrebocas en espacios abiertos.&nbsp;Sin embargo, en espacios cerrados las reglas son distintas.<\/p>\n","protected":false},"author":2,"featured_media":47819,"comment_status":"open","ping_status":"closed","sticky":false,"template":"","format":"standard","meta":{"footnotes":""},"categories":[10],"tags":[],"class_list":{"0":"post-47818","1":"post","2":"type-post","3":"status-publish","4":"format-standard","5":"has-post-thumbnail","7":"category-hidalgo"},"_links":{"self":[{"href":"https:\/\/elreporterohgo.com\/noticias\/wp-json\/wp\/v2\/posts\/47818","targetHints":{"allow":["GET"]}}],"collection":[{"href":"https:\/\/elreporterohgo.com\/noticias\/wp-json\/wp\/v2\/posts"}],"about":[{"href":"https:\/\/elreporterohgo.com\/noticias\/wp-json\/wp\/v2\/types\/post"}],"author":[{"embeddable":true,"href":"https:\/\/elreporterohgo.com\/noticias\/wp-json\/wp\/v2\/users\/2"}],"replies":[{"embeddable":true,"href":"https:\/\/elreporterohgo.com\/noticias\/wp-json\/wp\/v2\/comments?post=47818"}],"version-history":[{"count":1,"href":"https:\/\/elreporterohgo.com\/noticias\/wp-json\/wp\/v2\/posts\/47818\/revisions"}],"predecessor-version":[{"id":47820,"href":"https:\/\/elreporterohgo.com\/noticias\/wp-json\/wp\/v2\/posts\/47818\/revisions\/47820"}],"wp:featuredmedia":[{"embeddable":true,"href":"https:\/\/elreporterohgo.com\/noticias\/wp-json\/wp\/v2\/media\/47819"}],"wp:attachment":[{"href":"https:\/\/elreporterohgo.com\/noticias\/wp-json\/wp\/v2\/media?parent=47818"}],"wp:term":[{"taxonomy":"category","embeddable":true,"href":"https:\/\/elreporterohgo.com\/noticias\/wp-json\/wp\/v2\/categories?post=47818"},{"taxonomy":"post_tag","embeddable":true,"href":"https:\/\/elreporterohgo.com\/noticias\/wp-json\/wp\/v2\/tags?post=47818"}],"curies":[{"name":"wp","href":"https:\/\/api.w.org\/{rel}","templated":true}]}}