{"id":47776,"date":"2022-04-03T22:17:45","date_gmt":"2022-04-04T03:17:45","guid":{"rendered":"https:\/\/elreporterohgo.com\/noticias\/?p=47776"},"modified":"2022-04-04T08:14:58","modified_gmt":"2022-04-04T13:14:58","slug":"agentes-de-investigacion-buscan-a-policias-desaparecidos","status":"publish","type":"post","link":"https:\/\/elreporterohgo.com\/noticias\/2022\/04\/03\/agentes-de-investigacion-buscan-a-policias-desaparecidos\/","title":{"rendered":"Agentes de investigaci\u00f3n buscan a polic\u00edas desaparecidos"},"content":{"rendered":"\n<figure class=\"wp-block-image\"><img fetchpriority=\"high\" decoding=\"async\" width=\"364\" height=\"225\" src=\"https::\/\/elreporterohgo.com\/noticias\/wp-content\/uploads\/2022\/04\/b90a0460-bde4-4ad3-8beb-153879f8dae7-3-1.jpg\" alt=\"\" class=\"wp-image-47786\" srcset=\"https:\/\/elreporterohgo.com\/noticias\/wp-content\/uploads\/2022\/04\/b90a0460-bde4-4ad3-8beb-153879f8dae7-3-1.jpg 364w, https:\/\/elreporterohgo.com\/noticias\/wp-content\/uploads\/2022\/04\/b90a0460-bde4-4ad3-8beb-153879f8dae7-3-1-300x185.jpg 300w\" sizes=\"(max-width: 364px) 100vw, 364px\" \/><\/figure>\n\n\n\n<p>Intenso operativo por la regi\u00f3n<\/p>\n\n\n\n<p>Por Juan Sabino Cruz<\/p>\n\n\n\n<p>TEPEAPULCO, Hgo.- La Procuradur\u00eda\nGeneral de Justicia de Hidalgo a trav\u00e9s de su Unidad Especializada en Secuestro\n(UES) realizan intenso trabajo para en busca de los polic\u00edas preventivos que,\npresuntamente, fueron objeto de un levant\u00f3n.<\/p>\n\n\n\n<p>EL REPORTERO dio a conocer con\noportunidad que, Luis Enrique \u201cN\u201d, vecino de Cuautepec, la ma\u00f1ana de anteayer,\nprimero de abril, sali\u00f3 de su hogar en el municipio de Cuautepec para entrar a\ntrabajar como oficial de Seguridad Municipal en Santiago Tulantepec.<\/p>\n\n\n\n<p>El\ngendarme ya no lleg\u00f3 a cumplir con su trabajo, presuntamente en el trayecto fue\ninterceptado por la \u201cma\u00f1a\u201d que se lo llev\u00f3 con rumbo desconocido.<\/p>\n\n\n\n<p>SE\nLLEVARON A UNO DE TEPEAPULCO<\/p>\n\n\n\n<p>La\nma\u00f1ana de ayer, despu\u00e9s de cumplir su jornada de trabajo, Dami\u00e1n \u201cN\u201d, oficial\nde Seguridad Municipal de Tepeapulco, pas\u00f3 a dejar a su compa\u00f1era al municipio\nvecino de Tlanalapa.<\/p>\n\n\n\n<p>Refieren que el uniformado,\naproximadamente a las 09:15 horas de ayer, al viajar en su coche Nissan, Tsuru,\ncolor gris, vidrios polarizados, tapones negros en las llantas fue interceptado\ny sometido por desconocidos.<\/p>\n\n\n\n<p>Los\nmaleantes, al parecer, se llevaron al uniformado a bordo de una camioneta Ford,\ntipo lobo, color blanco, mismos que huyeron con rumbo desconocido.<\/p>\n\n\n\n<p>INVESTIGACI\u00d3N<\/p>\n\n\n\n<p>La desaparici\u00f3n de los dos\nuniformados en Cuautepec y Tlanalapa mantiene activas a las corporaciones de\nHidalgo, en primera para evitar m\u00e1s \u201clevantones\u201d y en busca de los\ndesaparecidos.<\/p>\n\n\n\n<p>Con las denuncias por la\ndesaparici\u00f3n de los uniformados, se dio inmediata intervenci\u00f3n a la Unidad\nEspecializada en Secuestros integrada por polic\u00edas de Investigaci\u00f3n de la\nProcuradur\u00eda General de Justicia de Hidalgo que redoblan esfuerzos para\nencontrar a los municipales.<\/p>\n\n\n\n<p>Han sostenido dialogo con los familiares, con los propios compa\u00f1eros de la corporaci\u00f3n y han implementado operativos de busqueda en inmuebles donde pudieran tenerlos.<\/p>\n\n\n\n<p>El trabajo se hace y no se\ndescansa hasta localizar a los dos uniformados.<\/p>\n\n\n\n<p>GRILLA BARATA<\/p>\n\n\n\n<p>Lamentablemente, existen\npersonas que aprovechas la desgracia de las personas para sacar raja pol\u00edtica azuzando\na la violencia o bloqueo de carreteras para localizar a los desaparecidos.<\/p>\n\n\n\n<p>La realidad es que los\nfamiliares que han subido a las patrullas para participar en la b\u00fasqueda y los\nmismos compa\u00f1eros de trabajo deben hablar hacer esfuerzos por recordar y\naportar datos que pudieron haberles dicho los gendarmes para que los elementos\nde la Polic\u00eda de Investigaci\u00f3n tengan m\u00e1s claro por donde dirigir la b\u00fasqueda y\nencontrarlos sanos y salvos.<\/p>\n\n\n","protected":false},"excerpt":{"rendered":"<p>Intenso operativo por la regi\u00f3n Por Juan Sabino Cruz TEPEAPULCO, Hgo.- La Procuradur\u00eda General de Justicia de Hidalgo a trav\u00e9s de su Unidad Especializada en Secuestro (UES) realizan intenso trabajo para en busca de los polic\u00edas preventivos que, presuntamente, fueron objeto de un levant\u00f3n. EL REPORTERO dio a conocer con oportunidad que, Luis Enrique \u201cN\u201d,<\/p>\n","protected":false},"author":2,"featured_media":47786,"comment_status":"open","ping_status":"closed","sticky":false,"template":"","format":"standard","meta":{"footnotes":""},"categories":[10],"tags":[],"class_list":{"0":"post-47776","1":"post","2":"type-post","3":"status-publish","4":"format-standard","5":"has-post-thumbnail","7":"category-hidalgo"},"_links":{"self":[{"href":"https:\/\/elreporterohgo.com\/noticias\/wp-json\/wp\/v2\/posts\/47776","targetHints":{"allow":["GET"]}}],"collection":[{"href":"https:\/\/elreporterohgo.com\/noticias\/wp-json\/wp\/v2\/posts"}],"about":[{"href":"https:\/\/elreporterohgo.com\/noticias\/wp-json\/wp\/v2\/types\/post"}],"author":[{"embeddable":true,"href":"https:\/\/elreporterohgo.com\/noticias\/wp-json\/wp\/v2\/users\/2"}],"replies":[{"embeddable":true,"href":"https:\/\/elreporterohgo.com\/noticias\/wp-json\/wp\/v2\/comments?post=47776"}],"version-history":[{"count":3,"href":"https:\/\/elreporterohgo.com\/noticias\/wp-json\/wp\/v2\/posts\/47776\/revisions"}],"predecessor-version":[{"id":47788,"href":"https:\/\/elreporterohgo.com\/noticias\/wp-json\/wp\/v2\/posts\/47776\/revisions\/47788"}],"wp:featuredmedia":[{"embeddable":true,"href":"https:\/\/elreporterohgo.com\/noticias\/wp-json\/wp\/v2\/media\/47786"}],"wp:attachment":[{"href":"https:\/\/elreporterohgo.com\/noticias\/wp-json\/wp\/v2\/media?parent=47776"}],"wp:term":[{"taxonomy":"category","embeddable":true,"href":"https:\/\/elreporterohgo.com\/noticias\/wp-json\/wp\/v2\/categories?post=47776"},{"taxonomy":"post_tag","embeddable":true,"href":"https:\/\/elreporterohgo.com\/noticias\/wp-json\/wp\/v2\/tags?post=47776"}],"curies":[{"name":"wp","href":"https:\/\/api.w.org\/{rel}","templated":true}]}}