{"id":47771,"date":"2022-04-03T17:03:44","date_gmt":"2022-04-03T22:03:44","guid":{"rendered":"https:\/\/elreporterohgo.com\/noticias\/?p=47771"},"modified":"2022-04-03T17:25:05","modified_gmt":"2022-04-03T22:25:05","slug":"decenas-de-heridos-al-colapasar-carpa-de-muestra-gastronomica","status":"publish","type":"post","link":"https:\/\/elreporterohgo.com\/noticias\/2022\/04\/03\/decenas-de-heridos-al-colapasar-carpa-de-muestra-gastronomica\/","title":{"rendered":"Decenas de heridos al colapasar carpa de muestra gastron\u00f3mica"},"content":{"rendered":"\n<figure class=\"wp-block-image\"><img fetchpriority=\"high\" decoding=\"async\" width=\"900\" height=\"600\" src=\"https::\/\/elreporterohgo.com\/noticias\/wp-content\/uploads\/2022\/04\/006_SantiagoDeAnaya_.jpg\" alt=\"\" class=\"wp-image-47772\" srcset=\"https:\/\/elreporterohgo.com\/noticias\/wp-content\/uploads\/2022\/04\/006_SantiagoDeAnaya_.jpg 900w, https:\/\/elreporterohgo.com\/noticias\/wp-content\/uploads\/2022\/04\/006_SantiagoDeAnaya_-300x200.jpg 300w, https:\/\/elreporterohgo.com\/noticias\/wp-content\/uploads\/2022\/04\/006_SantiagoDeAnaya_-768x512.jpg 768w\" sizes=\"(max-width: 900px) 100vw, 900px\" \/><\/figure>\n\n\n\n<p>Llegaron los\nbomberos a prestar auxilio<\/p>\n\n\n\n<p>SANTIAGO DE\nANAYA, Hgo.- Reportan decenas de heridos en la tradicional muestra gastron\u00f3mica\nde Santiago de Anaya, lugar donde cientos o miles de personas degustaban\nplatillos regionales y se les vino abajo la carpa.<\/p>\n\n\n\n<p>Se conoci\u00f3 que\ncon normalidad se realizaba la muestra gastron\u00f3mica donde expositores y comensales\ndisfrutaban los exquisitos alimentos.<\/p>\n\n\n\n<p>Repentinamente,\ntoda la estructura de la carpa se vino abajo, cay\u00f3 sobre la gente y se reportan\ndecenas de heridos.<\/p>\n\n\n\n<p>Ahora se realizan actividades de rescate de las v\u00edctimas. Sin duda, mucho tendr\u00e1n que explicar los organizadores y personal de Protecci\u00f3n Civil de ese municipio.<\/p>\n\n\n\n<p>INFOMACI\u00d3N OFICIAL<\/p>\n\n\n\n<p> <\/p>\n\n\n\n<p>Santiago de Anaya<\/p>\n\n\n\n<p>16:00<\/p>\n\n\n\n<ul class=\"wp-block-list\"><li>Feria gastron\u00f3mica, colonia Centro.<\/li><\/ul>\n\n\n\n<p>Al C5i de Hidalgo, a trav\u00e9s del 911 de Emergencias, se reporta ca\u00edda de enlonado durante el desarrollo del evento gastron\u00f3mico.<\/p>\n\n\n\n<p>Reportan personas lesionadas.<\/p>\n\n\n\n<p>Al sitio acude en apoyo personal de instituciones de seguridad, protecci\u00f3n civil y m\u00e9dicas, para la atenci\u00f3n del incidente.<\/p>\n\n\n\n<p>La Agencia de Seguridad Estatal reporta el traslado de cuatro personas lesionadas al Hospital General de Actopan para su atenci\u00f3n.<\/p>\n\n\n\n<p>Reporte preliminar, con informaci\u00f3n recibida hasta el momento.<\/p>\n","protected":false},"excerpt":{"rendered":"<p>Llegaron los bomberos a prestar auxilio SANTIAGO DE ANAYA, Hgo.- Reportan decenas de heridos en la tradicional muestra gastron\u00f3mica de Santiago de Anaya, lugar donde cientos o miles de personas degustaban platillos regionales y se les vino abajo la carpa. Se conoci\u00f3 que con normalidad se realizaba la muestra gastron\u00f3mica donde expositores y comensales disfrutaban<\/p>\n","protected":false},"author":2,"featured_media":47772,"comment_status":"open","ping_status":"closed","sticky":false,"template":"","format":"standard","meta":{"footnotes":""},"categories":[10],"tags":[],"class_list":{"0":"post-47771","1":"post","2":"type-post","3":"status-publish","4":"format-standard","5":"has-post-thumbnail","7":"category-hidalgo"},"_links":{"self":[{"href":"https:\/\/elreporterohgo.com\/noticias\/wp-json\/wp\/v2\/posts\/47771","targetHints":{"allow":["GET"]}}],"collection":[{"href":"https:\/\/elreporterohgo.com\/noticias\/wp-json\/wp\/v2\/posts"}],"about":[{"href":"https:\/\/elreporterohgo.com\/noticias\/wp-json\/wp\/v2\/types\/post"}],"author":[{"embeddable":true,"href":"https:\/\/elreporterohgo.com\/noticias\/wp-json\/wp\/v2\/users\/2"}],"replies":[{"embeddable":true,"href":"https:\/\/elreporterohgo.com\/noticias\/wp-json\/wp\/v2\/comments?post=47771"}],"version-history":[{"count":2,"href":"https:\/\/elreporterohgo.com\/noticias\/wp-json\/wp\/v2\/posts\/47771\/revisions"}],"predecessor-version":[{"id":47774,"href":"https:\/\/elreporterohgo.com\/noticias\/wp-json\/wp\/v2\/posts\/47771\/revisions\/47774"}],"wp:featuredmedia":[{"embeddable":true,"href":"https:\/\/elreporterohgo.com\/noticias\/wp-json\/wp\/v2\/media\/47772"}],"wp:attachment":[{"href":"https:\/\/elreporterohgo.com\/noticias\/wp-json\/wp\/v2\/media?parent=47771"}],"wp:term":[{"taxonomy":"category","embeddable":true,"href":"https:\/\/elreporterohgo.com\/noticias\/wp-json\/wp\/v2\/categories?post=47771"},{"taxonomy":"post_tag","embeddable":true,"href":"https:\/\/elreporterohgo.com\/noticias\/wp-json\/wp\/v2\/tags?post=47771"}],"curies":[{"name":"wp","href":"https:\/\/api.w.org\/{rel}","templated":true}]}}