{"id":47751,"date":"2022-04-03T13:17:55","date_gmt":"2022-04-03T18:17:55","guid":{"rendered":"https:\/\/elreporterohgo.com\/noticias\/?p=47751"},"modified":"2022-04-03T13:21:13","modified_gmt":"2022-04-03T18:21:13","slug":"niegan-registro-a-un-aspirante-a-la-gubernatura-de-hidalgo","status":"publish","type":"post","link":"https:\/\/elreporterohgo.com\/noticias\/2022\/04\/03\/niegan-registro-a-un-aspirante-a-la-gubernatura-de-hidalgo\/","title":{"rendered":"Niegan registro a un aspirante a la #Gubernatura de Hidalgo"},"content":{"rendered":"\n<figure class=\"wp-block-image\"><img fetchpriority=\"high\" decoding=\"async\" width=\"1024\" height=\"683\" src=\"https::\/\/elreporterohgo.com\/noticias\/wp-content\/uploads\/2022\/04\/2022-BE_039_21-1024x683.jpg\" alt=\"\" class=\"wp-image-47752\" srcset=\"https:\/\/elreporterohgo.com\/noticias\/wp-content\/uploads\/2022\/04\/2022-BE_039_21-1024x683.jpg 1024w, https:\/\/elreporterohgo.com\/noticias\/wp-content\/uploads\/2022\/04\/2022-BE_039_21-300x200.jpg 300w, https:\/\/elreporterohgo.com\/noticias\/wp-content\/uploads\/2022\/04\/2022-BE_039_21-768x512.jpg 768w\" sizes=\"(max-width: 1024px) 100vw, 1024px\" \/><\/figure>\n\n\n\n<p>Buscaba ser idependiente<\/p>\n\n\n\n<p>PACHUCA, Hgo.- <strong> <\/strong>El Instituto\nEstatal Electoral de Hidalgo (IEEH) determin\u00f3 esta noche la procedencia de las\nsolicitudes de registro que, en d\u00edas pasados, aprobando a una candidata y tres candidatos\npara el actual Proceso Electoral; en tanto una solicitud m\u00e1s fue negada. La y\nlos ahora candidatos realizar\u00e1n actividades de Campa\u00f1as Electorales del 3 de\nabril al 1 de junio, para que el pr\u00f3ximo 5 de junio contiendan por el voto de\nla ciudadan\u00eda para la renovaci\u00f3n de #GubernaturaHIDALGO2022. <\/p>\n\n\n\n<p>En un primer\nmomento, durante la Primera Sesi\u00f3n Extraordinaria del Consejo General del\nInstituto Estatal Electoral de Hidalgo del mes de abril, fue aprobada por\nunanimidad la modificaci\u00f3n del Convenio de la Candidatura Com\u00fan \u201cJuntos Hacemos\nHistoria en Hidalgo\u201d integrada por los Partidos Pol\u00edticos del Trabajo (PT),\nMorena y Nueva Alianza Hidalgo (PNAH), esto, derivado de que el Partido Verde\nEcologista de M\u00e9xico (PVEM), en d\u00edas recientes dej\u00f3 de ser parte de la misma.<\/p>\n\n\n\n<p>Al t\u00e9rmino de esa Sesi\u00f3n,\ny durante la Segunda Sesi\u00f3n Extraordinaria del Consejo General de este \u00d3rgano\nElectoral, se resolvieron las 5 solicitudes de registro que fueron recibidas a\ntrav\u00e9s de la Oficial\u00eda de Partes en el periodo legal establecido.<\/p>\n\n\n\n<p>Respecto de la\nsolicitud de registro presentada por el C. Rafael S\u00e1nchez Granados para\ncontender como candidato independiente en el Proceso Electoral Local 2021-2022,\nel Consejo General determin\u00f3 negar el registro en virtud de que no cumpli\u00f3 con la totalidad de los requisitos legales\nse\u00f1alados en el C\u00f3digo Electoral y en la Convocatoria emitida para tal efecto, por\nlo que se resolvi\u00f3 tener por no presentada su Manifestaci\u00f3n de Intenci\u00f3n para\ncontender como Candidato Independiente, en consecuencia, no estuvo en\ncondiciones de recabar el apoyo ciudadano requerido, ni de registrarse como\ncandidato a trav\u00e9s de partido pol\u00edtico, coalici\u00f3n o candidatura com\u00fan.<\/p>\n\n\n\n<p>Por otra parte,\nfueron aprobadas las solicitudes de registro del C. Julio Ram\u00f3n Menchaca\nSalazar, postulado por la Candidatura Com\u00fan \u201cJuntos Hacemos Historia en\nHidalgo\u201d que integran los Partidos Pol\u00edticos del Trabajo (PT), Morena y Nueva\nAlianza Hidalgo (PNAH); asimismo de la C. Alma Carolina Viggiano Austria,\npostulada por la Coalici\u00f3n \u201cVa Por Hidalgo\u201d integrada por los Partidos\nPol\u00edticos Acci\u00f3n Nacional (PAN), Revolucionario Institucional (PRI) y de la\nRevoluci\u00f3n Democr\u00e1tica (PRD); del C. Francisco Berganza Escorza, por el Partido\nPol\u00edtico Movimiento Ciudadano (MC); y del C. Jos\u00e9 Luis Lima Morales, postulado\npor el Partido Pol\u00edtico Verde Ecologista de M\u00e9xico (PVEM), para contender como\ncandidata y candidatos para la renovaci\u00f3n de la Gubernatura del Estado de\nHidalgo. <\/p>\n\n\n\n<p>Finalmente, la Consejera\nPresidenta Provisional, Ariadna Gonz\u00e1lez Morales realiz\u00f3 un exhorto a los\nPartidos Pol\u00edticos, candidata, candidatos, militantes, equipos de campa\u00f1a, as\u00ed\ncomo a las y los servidores p\u00fablicos de los diferentes \u00d3rganos y niveles de\ngobierno, para que la propaganda electoral que difundan no utilice, se\u00f1ale,\ninvoque o refiera programas sociales de cualquier orden de gobierno con fines\nelectorales; adem\u00e1s, refiri\u00f3 que no deber\u00e1 incluir nombres, im\u00e1genes, voces o\ns\u00edmbolos que impliquen promoci\u00f3n personalizada de servidoras y servidores\np\u00fablicos, ni logotipos, slogans, frases o cualquier otro tipo de referencias a\nlos gobiernos federal, local, municipal o administraci\u00f3n en particular.<\/p>\n\n\n\n<p>Les conmin\u00f3 a\nabstenerse de utilizar cuentas institucionales y personales en cualquier tipo\nde plataforma incluida la digital, para difundir propaganda que utilice,\nse\u00f1ale, invoque o refiera programas sociales para confundir a la ciudadan\u00eda\nsobre su permanencia o inclusi\u00f3n en estos programas, con excepci\u00f3n de las\nmaterias y en los t\u00e9rminos se\u00f1alados por la legislaci\u00f3n aplicable.<\/p>\n\n\n\n<p>Adem\u00e1s, se\u00f1al\u00f3 que\nla propaganda no deber\u00e1 incluir mensajes discriminatorios, sexistas, o que\ninciten de forma directa o indirecta, a la violencia o a conductas ilegales, tampoco\nque induzcan a la confusi\u00f3n con s\u00edmbolos, ideas, expresiones, dise\u00f1os o\nim\u00e1genes empleadas por cualquier organizaci\u00f3n pol\u00edtica o social; pero s\u00ed\ndeber\u00e1n proteger y tutelar, con cuidados reforzados, los derechos de la\ninfancia y adolescencia.<\/p>\n\n\n\n<p>La Consejera\nPresidenta Provisional les exhort\u00f3 a no utilizar o permitir el uso de los\nrecursos p\u00fablicos, bienes, fondos, servicios, o beneficios relacionados con\nprogramas sociales para incidir en el electorado, posicionando a cualquier\ncandidato o candidata, Partido Pol\u00edtico, Candidatura Com\u00fan o Coalici\u00f3n.\nAsimismo, record\u00f3 que durante el periodo de campa\u00f1as electorales no deber\u00e1n\nsuspenderse los programas sociales, pues las limitantes en la materia no tienen\npor objeto impedir que las y los funcionarios p\u00fablicos cumplan con su encargo\np\u00fablico, sin embargo, deber\u00e1 tenerse un cuidado reforzado y apegarse\nestrictamente a las respectivas reglas de operaci\u00f3n de cada programa y a las\nnormas vigentes.<\/p>\n\n\n\n<p>Reiter\u00f3 la\nobligaci\u00f3n de este \u00d3rgano Electoral de vigilar e investigar a los Partidos\nPol\u00edticos, Candidatura Com\u00fan, Coalici\u00f3n y\/o servidoras y servidores p\u00fablicos\nque difundan propaganda de campa\u00f1a electoral que contenga, se\u00f1ale o invoque\nprogramas sociales con fines electorales durante el periodo de campa\u00f1as.\nAsimismo, les invit\u00f3 a ofrecer a las y los votantes, opciones reales en un\nambiente de seguridad, civilidad y sobre todo de respeto, \u201cdeseamos disfrutar\nde campa\u00f1as creativas e incluyentes que permitan elevar la calidad de nuestra\ndemocracia y as\u00ed, el perfeccionamiento de nuestros procesos democr\u00e1ticos\u201d\nconcluy\u00f3.<\/p>\n\n\n\n<p>Al exhorto, se sum\u00f3\nla Consejera Electoral Miriam Saray Pacheco Mart\u00ednez, quien mencion\u00f3 que esta\nAutoridad Electoral ha realizado el trabajo previo al arranque de las Campa\u00f1as\nElectorales conforme a lo que estipula el Calendario Electoral; refiri\u00f3 que\nahora la Candidata y los Candidatos saldr\u00e1n a emitir sus propuestas, y la\nciudadan\u00eda deber\u00e1 decidir a qui\u00e9n le da su voto. Finalmente, les exhort\u00f3 a que la\netapa de campa\u00f1as se desarrolle con propuestas, sin que la Violencia Pol\u00edtica y\nla Violencia Pol\u00edtica en Raz\u00f3n de G\u00e9nero sean el distintivo de las campa\u00f1as\nelectorales.<\/p>\n\n\n\n<p>Del mismo modo, el\nConsejero Electoral Guillermo Corrales Galv\u00e1n, advirti\u00f3 que el Consejo General vigilar\u00e1\nde manera firme y neutral si se comenten conductas punitivas por los actores\npol\u00edticos, pues se\u00f1al\u00f3 que existe la convicci\u00f3n de que a trav\u00e9s del respeto a\nla norma es como se pueden lograr mejores estados democr\u00e1ticos, igualmente, les\nexhort\u00f3 a evitar actos anticipados de campa\u00f1a y a buscar las coincidencias por\nencima de las diferencias.<\/p>\n\n\n\n<p>En su oportunidad,\nel Consejero Electoral Christian Uziel Garc\u00eda Reyes, invit\u00f3 a los Partidos\nPol\u00edticos, a los Poderes Legislativo y Ejecutivo, a medios de comunicaci\u00f3n y la\nciudadan\u00eda, a comprometerse con las reglas del juego democr\u00e1tico, pues subray\u00f3\nque es indispensable que respeten las reglas para que las elecciones cumplan\ncon su funci\u00f3n civilizadora. \u201cSe trata de que todas y todos, desde nuestros\nrespectivos \u00e1mbitos de competencia, contribuyamos para que la competencia electoral\ntranscurra con imparcialidad y legalidad, desde el inicio de los procesos\nelectorales y hasta que concluyan los comicios con la calificaci\u00f3n que llevan a\ncabo los tribunales\u201d, concluy\u00f3.<\/p>\n\n\n\n<p>Finalmente, el\nConsejero Electoral Alfredo Alcal\u00e1 Monta\u00f1o asegur\u00f3 que durante los 60 d\u00edas de\ncampa\u00f1a, las candidaturas registradas presentar\u00e1n sus propuestas para gobernar\nHidalgo del 2022 al 2028, las cuales, ser\u00e1n las primeras desde 2019 en\ndesarrollarse con mejores condiciones de salud, luego de declararse la pandemia\npor COVID-19, sin embargo, destac\u00f3 que ello no implica bajar la guardia respecto\nde las medidas sanitarias, sino deber\u00e1n mantenerse y acatar las recomendaciones\nemitidas por el Consejo General del IEEH. Finalmente hizo un llamado respetuoso\npara que en estas campa\u00f1as se privilegie el intercambio de ideas, el respeto a\nquienes piensan diferente, cerrarle el paso a las noticias falsas y a las\ndescalificaciones para favorecer un voto libre, informado y razonado.<\/p>\n","protected":false},"excerpt":{"rendered":"<p>Buscaba ser idependiente PACHUCA, Hgo.- El Instituto Estatal Electoral de Hidalgo (IEEH) determin\u00f3 esta noche la procedencia de las solicitudes de registro que, en d\u00edas pasados, aprobando a una candidata y tres candidatos para el actual Proceso Electoral; en tanto una solicitud m\u00e1s fue negada. La y los ahora candidatos realizar\u00e1n actividades de Campa\u00f1as Electorales<\/p>\n","protected":false},"author":2,"featured_media":47752,"comment_status":"open","ping_status":"closed","sticky":false,"template":"","format":"standard","meta":{"footnotes":""},"categories":[10],"tags":[],"class_list":{"0":"post-47751","1":"post","2":"type-post","3":"status-publish","4":"format-standard","5":"has-post-thumbnail","7":"category-hidalgo"},"_links":{"self":[{"href":"https:\/\/elreporterohgo.com\/noticias\/wp-json\/wp\/v2\/posts\/47751","targetHints":{"allow":["GET"]}}],"collection":[{"href":"https:\/\/elreporterohgo.com\/noticias\/wp-json\/wp\/v2\/posts"}],"about":[{"href":"https:\/\/elreporterohgo.com\/noticias\/wp-json\/wp\/v2\/types\/post"}],"author":[{"embeddable":true,"href":"https:\/\/elreporterohgo.com\/noticias\/wp-json\/wp\/v2\/users\/2"}],"replies":[{"embeddable":true,"href":"https:\/\/elreporterohgo.com\/noticias\/wp-json\/wp\/v2\/comments?post=47751"}],"version-history":[{"count":1,"href":"https:\/\/elreporterohgo.com\/noticias\/wp-json\/wp\/v2\/posts\/47751\/revisions"}],"predecessor-version":[{"id":47753,"href":"https:\/\/elreporterohgo.com\/noticias\/wp-json\/wp\/v2\/posts\/47751\/revisions\/47753"}],"wp:featuredmedia":[{"embeddable":true,"href":"https:\/\/elreporterohgo.com\/noticias\/wp-json\/wp\/v2\/media\/47752"}],"wp:attachment":[{"href":"https:\/\/elreporterohgo.com\/noticias\/wp-json\/wp\/v2\/media?parent=47751"}],"wp:term":[{"taxonomy":"category","embeddable":true,"href":"https:\/\/elreporterohgo.com\/noticias\/wp-json\/wp\/v2\/categories?post=47751"},{"taxonomy":"post_tag","embeddable":true,"href":"https:\/\/elreporterohgo.com\/noticias\/wp-json\/wp\/v2\/tags?post=47751"}],"curies":[{"name":"wp","href":"https:\/\/api.w.org\/{rel}","templated":true}]}}