{"id":47746,"date":"2022-04-03T12:51:31","date_gmt":"2022-04-03T17:51:31","guid":{"rendered":"https:\/\/elreporterohgo.com\/noticias\/?p=47746"},"modified":"2022-04-03T12:52:44","modified_gmt":"2022-04-03T17:52:44","slug":"en-hidalgo-es-tiempo-de-las-mujeres-carolina-viggiano","status":"publish","type":"post","link":"https:\/\/elreporterohgo.com\/noticias\/2022\/04\/03\/en-hidalgo-es-tiempo-de-las-mujeres-carolina-viggiano\/","title":{"rendered":"En Hidalgo, \u00abEs tiempo de las mujeres\u00bb: Carolina Viggiano"},"content":{"rendered":"\n<figure class=\"wp-block-image\"><img fetchpriority=\"high\" decoding=\"async\" width=\"1024\" height=\"739\" src=\"https::\/\/elreporterohgo.com\/noticias\/wp-content\/uploads\/2022\/04\/caldo-2-1024x739.jpg\" alt=\"\" class=\"wp-image-47747\" srcset=\"https:\/\/elreporterohgo.com\/noticias\/wp-content\/uploads\/2022\/04\/caldo-2-1024x739.jpg 1024w, https:\/\/elreporterohgo.com\/noticias\/wp-content\/uploads\/2022\/04\/caldo-2-300x217.jpg 300w, https:\/\/elreporterohgo.com\/noticias\/wp-content\/uploads\/2022\/04\/caldo-2-768x554.jpg 768w, https:\/\/elreporterohgo.com\/noticias\/wp-content\/uploads\/2022\/04\/caldo-2.jpg 1629w\" sizes=\"(max-width: 1024px) 100vw, 1024px\" \/><\/figure>\n\n\n\n<p>Tula de Allende, Hgo.-\n\u00abEs tiempo de las mujeres en Hidalgo. Es tiempo de que una mujer llegue a\ngobernar este Estado\u00bb, as\u00ed lo afirm\u00f3 la candidata de la alianza \u201cVa por\nHidalgo\u201d, Carolina Viggiano Austria, al iniciar campa\u00f1a electoral rumbo a la\nelecci\u00f3n del pr\u00f3ximo 5 de junio.&nbsp;<\/p>\n\n\n\n<p>En el teatro al aire\nlibre, ubicado en la ciudad de Tula, fue arropada por militantes, simpatizantes\ny dirigentes locales de los partidos Acci\u00f3n Nacional (PAN), Claudia Lilia Luna\nIslas; Revolucionario Institucional (PRI), Julio Valera Piedras; as\u00ed como el\nl\u00edder nacional del Partido de la Revoluci\u00f3n Democr\u00e1tica (PRD), Jes\u00fas Zambrano\nGrijalva.&nbsp;<\/p>\n\n\n\n<p>Ah\u00ed, Viggiano Austria\ndijo estar consciente de todos los agravios que se han cometido contra los\nhidalguenses, lo mismo en Tula que en la Huasteca, el Valle del Mezquital, el\nAltiplano, la Otomi-Tepehua y la Sierra, as\u00ed como de la zona metropolitana de\nPachuca, por lo que se\u00f1al\u00f3 que es una mujer valiente y sin miedo pues no se\nquedar\u00e1 callada y trabajar\u00e1 por mejorar las condiciones de vida de sus\nhabitantes.<\/p>\n\n\n\n<p>\u00abNunca m\u00e1s\ndebemos permitir un abandono. Desde aqu\u00ed queremos decirle a Hidalgo que aqu\u00ed\nest\u00e1 una mujer valiente que no va permitir el abandono\u00bb, se\u00f1al\u00f3.&nbsp;<\/p>\n\n\n\n<p>Poco despu\u00e9s de la\nmedianoche de este domingo, la candidata aliancista arribo al lugar entre\nporras y saludos de la gente que conf\u00eda en este proyecto.&nbsp;<\/p>\n\n\n\n<p>\u00abDecidimos\narrancar aqu\u00ed nuestra campa\u00f1a desde el primer minuto del d\u00eda en esta regi\u00f3n a\nla que se le ha prometido tanto y no le ha llegado nada\u00bb, indic\u00f3.&nbsp;<\/p>\n\n\n\n<p>Ante miles de\npersonas, la aspirante a la gubernatura de Hidalgo asegur\u00f3 que con el voto y\napoyo ciudadano este pr\u00f3ximo 5 de junio trabajar\u00e1 sin descanso por cada mujer\nque ha sido v\u00edctima de la violencia y no tiene un refugio donde pueda sentirse\nsegura, adem\u00e1s por los ni\u00f1os y ni\u00f1as sin estancias infantiles, sin escuelas de\ntiempo completo.&nbsp;<\/p>\n\n\n\n<p>\u00abDesde aqu\u00ed\nquiero decirles que no van a estar solos pues su pr\u00f3xima gobernadora los va\ncuidar. Vamos a trabajar todos los d\u00edas para dar resultados\u00bb,\nafirm\u00f3.&nbsp;<\/p>\n\n\n\n<p>A los militantes del\nPAN, PRI y PRD, les aseguro que no les fallar\u00e1 y trabajar\u00e1 por hacer verdadera\nhistoria.&nbsp;<\/p>\n\n\n\n<p>\u00abPueden sentirse\ntranquilos, por qu\u00e9 la mujer que tienen enfrente, viene con la cara en alto,\ncon el coraz\u00f3n por delante, con las manos limpias\u00bb, se\u00f1al\u00f3.&nbsp;<\/p>\n\n\n\n<p>Carolina Viggiano\nasegur\u00f3 estar preparada para hacer el cambio que Hidalgo espera con la primera\nmujer como gobernadora con acciones transparentes, sin caprichos y con\ndecisiones valientes en beneficio de la poblaci\u00f3n.&nbsp;<\/p>\n\n\n\n<p>\u00abEl cambio est\u00e1\nen nosotras las mujeres que ya hemos demostrado que podemos revolucionar el mundo,\nsabemos luchar, sabemos gobernar y con su ayuda y su apoyo vamos a triunfar.\nLleg\u00f3 la hora de que en Hidalgo tengamos gobernadora\u00bb, finaliz\u00f3.<\/p>\n","protected":false},"excerpt":{"rendered":"<p>Tula de Allende, Hgo.- \u00abEs tiempo de las mujeres en Hidalgo. Es tiempo de que una mujer llegue a gobernar este Estado\u00bb, as\u00ed lo afirm\u00f3 la candidata de la alianza \u201cVa por Hidalgo\u201d, Carolina Viggiano Austria, al iniciar campa\u00f1a electoral rumbo a la elecci\u00f3n del pr\u00f3ximo 5 de junio.&nbsp; En el teatro al aire libre,<\/p>\n","protected":false},"author":2,"featured_media":47747,"comment_status":"open","ping_status":"closed","sticky":false,"template":"","format":"standard","meta":{"footnotes":""},"categories":[10],"tags":[],"class_list":{"0":"post-47746","1":"post","2":"type-post","3":"status-publish","4":"format-standard","5":"has-post-thumbnail","7":"category-hidalgo"},"_links":{"self":[{"href":"https:\/\/elreporterohgo.com\/noticias\/wp-json\/wp\/v2\/posts\/47746","targetHints":{"allow":["GET"]}}],"collection":[{"href":"https:\/\/elreporterohgo.com\/noticias\/wp-json\/wp\/v2\/posts"}],"about":[{"href":"https:\/\/elreporterohgo.com\/noticias\/wp-json\/wp\/v2\/types\/post"}],"author":[{"embeddable":true,"href":"https:\/\/elreporterohgo.com\/noticias\/wp-json\/wp\/v2\/users\/2"}],"replies":[{"embeddable":true,"href":"https:\/\/elreporterohgo.com\/noticias\/wp-json\/wp\/v2\/comments?post=47746"}],"version-history":[{"count":2,"href":"https:\/\/elreporterohgo.com\/noticias\/wp-json\/wp\/v2\/posts\/47746\/revisions"}],"predecessor-version":[{"id":47749,"href":"https:\/\/elreporterohgo.com\/noticias\/wp-json\/wp\/v2\/posts\/47746\/revisions\/47749"}],"wp:featuredmedia":[{"embeddable":true,"href":"https:\/\/elreporterohgo.com\/noticias\/wp-json\/wp\/v2\/media\/47747"}],"wp:attachment":[{"href":"https:\/\/elreporterohgo.com\/noticias\/wp-json\/wp\/v2\/media?parent=47746"}],"wp:term":[{"taxonomy":"category","embeddable":true,"href":"https:\/\/elreporterohgo.com\/noticias\/wp-json\/wp\/v2\/categories?post=47746"},{"taxonomy":"post_tag","embeddable":true,"href":"https:\/\/elreporterohgo.com\/noticias\/wp-json\/wp\/v2\/tags?post=47746"}],"curies":[{"name":"wp","href":"https:\/\/api.w.org\/{rel}","templated":true}]}}