{"id":47701,"date":"2022-04-01T23:53:35","date_gmt":"2022-04-02T05:53:35","guid":{"rendered":"https:\/\/elreporterohgo.com\/noticias\/?p=47701"},"modified":"2022-04-01T23:53:37","modified_gmt":"2022-04-02T05:53:37","slug":"autorizan-vacuna-covid-para-menores-de-5-a-11-anos","status":"publish","type":"post","link":"https:\/\/elreporterohgo.com\/noticias\/2022\/04\/01\/autorizan-vacuna-covid-para-menores-de-5-a-11-anos\/","title":{"rendered":"Autorizan vacuna COVID para menores de 5 a 11 a\u00f1os"},"content":{"rendered":"\n<ul class=\"wp-block-list\"><li>La aprobaci\u00f3n para la aplicaci\u00f3n de las vacunas a este sector se dio desde el 3 de marzo,  sin embargo, esto no fue informado mediante ning\u00fan comunicado oficial o publicaci\u00f3n en redes sociales. <\/li><\/ul>\n\n\n\n<p>La Comisi\u00f3n Federal para la Protecci\u00f3n de Riesgos Sanitarios (Cofepris) aprob\u00f3 desde el pasado 3 de marzo las vacunas contra COVID-19 para menores de cinco a 11 a\u00f1os de edad, sin embargo, esto no se anunci\u00f3 de forma p\u00fablica ni se ha puesto en marcha.<\/p>\n\n\n\n<p>La informaci\u00f3n comenz\u00f3 a circular en redes sociales y medios de comunicaci\u00f3n este jueves, pero no hab\u00eda confirmaci\u00f3n por parte de ninguna autoridad gubernamental ni sanitaria. Esto es lo que sabemos de la aprobaci\u00f3n.<\/p>\n\n\n\n<p>La informaci\u00f3n comenz\u00f3 a circular desde el jueves y el presidente fue consultado al respecto, pero mand\u00f3 al martes que viene.<\/p>\n\n\n\n<p><strong>\u00abINTERLOCUTORA<\/strong>: Presidente, y ya nada m\u00e1s para terminar, la Cofepris, si nos puede aclarar que si es cierto que la Cofepris ya desde inicios de marzo hab\u00eda autorizado el uso de la vacuna para ni\u00f1os de 5 a 11 a\u00f1os de edad. \u00bfSe va a anunciar pr\u00f3ximamente o c\u00f3mo qued\u00f3 esta autorizaci\u00f3n para la vacuna Pfizer?<\/p>\n\n\n\n<p><strong>\u00abPRESIDENTE ANDR\u00c9S MANUEL L\u00d3PEZ OBRADOR<\/strong>: El martes, si les parece, para tener con exactitud la informaci\u00f3n\u00bb, refiere la versi\u00f3n estenogr\u00e1fica.<\/p>\n\n\n\n<p>Al respecto tambi\u00e9n fue consultada este martes la secretaria de Salud de la Ciudad de M\u00e9xico Oliva L\u00f3pez:<\/p>\n\n\n\n<p><strong>Reportera<\/strong>: la COFEPRIS aval\u00f3 el uso de la emergencia de la vacuna para menores de 5 a\u00f1os en adelante, siempre y cuando tengan un amparo los menores; en este caso, \u00bfya ha habido informaci\u00f3n de parte del Gobierno Federal para el Gobierno de la Ciudad de M\u00e9xico en la vacunaci\u00f3n de menores de 5 a\u00f1os en adelante?<\/p>\n\n\n\n<p>Oliva L\u00f3pez: Nosotros estamos atendiendo, como lo he se\u00f1alado en otras ocasiones, los amparos; cuando hay una orden del juez, se atiende.\u00a0<strong>Sabemos que COFEPRIS ya aprob\u00f3 la presentaci\u00f3n pedi\u00e1trica, pero todav\u00eda no est\u00e1 disponible porque es una compra del Gobierno de M\u00e9xico y que nos tendr\u00eda que dotar a nosotros; entonces, estamos pendientes de esta situaci\u00f3n.<\/strong><\/p>\n\n\n\n<h2 class=\"wp-block-heading\">\u00bfCu\u00e1ndo se aprob\u00f3 la vacuna para menores?<\/h2>\n\n\n\n<p>El pasado 3 de marzo, la Cofepris actualiz\u00f3 el&nbsp;<a href=\"https:s:\/\/www.gob.mx\/cofepris\/acciones-y-programas\/vacunas-covid-19-autorizadas\" target=\"_blank\" rel=\"noreferrer noopener\">listado de las vacunas que han obtenido autorizaci\u00f3n<\/a>&nbsp;para uso de emergencia.<\/p>\n\n\n\n<figure class=\"wp-block-image\"><img decoding=\"async\" src=\"https:s:\/\/cdn-3.expansion.mx\/dims4\/default\/f797727\/2147483647\/strip\/true\/crop\/1219x633+0+0\/resize\/600x312!\/format\/webp\/quality\/90\/?url=https:s%3A%2F%2Fcdn-3.expansion.mx%2Fe3%2Fa3%2Fab574bc04423b19617cbf0b62b2e%2Fcuadro-de-vacunacion.jpg\" alt=\"\"\/><\/figure>\n\n\n\n<p>En esa publicaci\u00f3n se incluye al grupo de 5 a 11 a\u00f1os, para quienes se contempla la marca de vacuna Pfizer. Adem\u00e1s, se indica la forma en la que se aplicar\u00e1 la dosis.<\/p>\n\n\n\n<p>Pero la inclusi\u00f3n de los menores de 5 a 11 a\u00f1os en el sistema nacional de salud no fue informado mediante ning\u00fan comunicado oficial o publicaci\u00f3n en redes sociales.<\/p>\n\n\n\n<p>Cabe recordar que padres de familiar han presentado varios amparos contra la negativa de la Secretar\u00eda de Salud para vacunar a sus hijos menores de edad contra el COVID-19.<\/p>\n","protected":false},"excerpt":{"rendered":"<p>La aprobaci\u00f3n para la aplicaci\u00f3n de las vacunas a este sector se dio desde el 3 de marzo, sin embargo, esto no fue informado mediante ning\u00fan comunicado oficial o publicaci\u00f3n en redes sociales. La Comisi\u00f3n Federal para la Protecci\u00f3n de Riesgos Sanitarios (Cofepris) aprob\u00f3 desde el pasado 3 de marzo las vacunas contra COVID-19 para<\/p>\n","protected":false},"author":2,"featured_media":0,"comment_status":"open","ping_status":"closed","sticky":false,"template":"","format":"standard","meta":{"footnotes":""},"categories":[10],"tags":[],"class_list":{"0":"post-47701","1":"post","2":"type-post","3":"status-publish","4":"format-standard","6":"category-hidalgo"},"_links":{"self":[{"href":"https:\/\/elreporterohgo.com\/noticias\/wp-json\/wp\/v2\/posts\/47701","targetHints":{"allow":["GET"]}}],"collection":[{"href":"https:\/\/elreporterohgo.com\/noticias\/wp-json\/wp\/v2\/posts"}],"about":[{"href":"https:\/\/elreporterohgo.com\/noticias\/wp-json\/wp\/v2\/types\/post"}],"author":[{"embeddable":true,"href":"https:\/\/elreporterohgo.com\/noticias\/wp-json\/wp\/v2\/users\/2"}],"replies":[{"embeddable":true,"href":"https:\/\/elreporterohgo.com\/noticias\/wp-json\/wp\/v2\/comments?post=47701"}],"version-history":[{"count":1,"href":"https:\/\/elreporterohgo.com\/noticias\/wp-json\/wp\/v2\/posts\/47701\/revisions"}],"predecessor-version":[{"id":47703,"href":"https:\/\/elreporterohgo.com\/noticias\/wp-json\/wp\/v2\/posts\/47701\/revisions\/47703"}],"wp:attachment":[{"href":"https:\/\/elreporterohgo.com\/noticias\/wp-json\/wp\/v2\/media?parent=47701"}],"wp:term":[{"taxonomy":"category","embeddable":true,"href":"https:\/\/elreporterohgo.com\/noticias\/wp-json\/wp\/v2\/categories?post=47701"},{"taxonomy":"post_tag","embeddable":true,"href":"https:\/\/elreporterohgo.com\/noticias\/wp-json\/wp\/v2\/tags?post=47701"}],"curies":[{"name":"wp","href":"https:\/\/api.w.org\/{rel}","templated":true}]}}